{"id":9679,"date":"2025-02-16T18:14:09","date_gmt":"2025-02-16T15:14:09","guid":{"rendered":"https:\/\/mcspa.org\/?p=9679"},"modified":"2025-02-16T18:16:19","modified_gmt":"2025-02-16T15:16:19","slug":"misa-especial-en-memoria-del-padre-paco-y-el-sr-roy-gontier","status":"publish","type":"post","link":"https:\/\/mcspa.org\/es\/misa-especial-en-memoria-del-padre-paco-y-el-sr-roy-gontier\/","title":{"rendered":"Misa especial en memoria del Padre Paco y el Sr. Roy Gontier"},"content":{"rendered":"<p>El 15 de febrero, todos los miembros de la Comunidad Misionera de San Pablo Ap\u00f3stol (MCSPA) que vivimos en Turkana, junto con m\u00e1s de 500 fieles, nos reunimos en la Iglesia de San Pablo Ap\u00f3stol en la Misi\u00f3n de Nariokotome para conmemorar el 12\u00ba aniversario de la muerte de nuestro fundador, el P. Francisco Andreo, o simplemente Paco, como prefer\u00eda ser llamado.<\/p>\n<p>En la misma Misa de Acci\u00f3n de Gracias, las cenizas del difunto amigo del P. Paco y de la Comunidad, el Sr. Roy Gontier, fueron bendecidas e inhumadas en el columbario. Roy fue un piloto muy capaz que falleci\u00f3 el 27 de junio de 2013. Roy realiz\u00f3 muchos vuelos para las misiones y a menudo llevaba a Paco a Nairobi para sus chequeos m\u00e9dicos. Estos recuerdos e historias fueron compartidos con la congregaci\u00f3n reunida en la misa.<\/p>\n<p>El evento comenz\u00f3 en el cementerio de la iglesia, donde se plantaron varios \u00e1rboles. El P. Alex Campon, asistido por el di\u00e1cono Stephen Iyerio, presidi\u00f3 la celebraci\u00f3n eucar\u00edstica en compa\u00f1\u00eda del P. Joseph Ebenyo, el canciller de la Di\u00f3cesis de Lodwar, y de todos los sacerdotes de la MCSPA que viven en Turkana.<\/p>\n<p>En su homil\u00eda, el P. Alex destac\u00f3 las similitudes entre Paco y el Papa Francisco en sus actos de compasi\u00f3n hacia los necesitados y hambrientos, y en el cuidado del medio ambiente. Cecilia Puig, en su mensaje de homenaje, anim\u00f3 a todos a usar cada gota de agua para plantar \u00e1rboles en sus hogares, escuelas y en todas partes. El Sr. Derek Seton, un amigo cercano de Roy, ley\u00f3 una breve eulog\u00eda y homenajes de la familia de Roy.<\/p>\n<p>Esto fue seguido por canciones, un baile y poemas de los estudiantes y alumnos de la escuela secundaria de ni\u00f1as de Nariokotome y de la escuela primaria San Jos\u00e9.<\/p>\n<p>Finalmente, hubo la bendici\u00f3n de los \u00e1rboles y se aliment\u00f3 a todos los ni\u00f1os presentes.<\/p>\n<p>Como coment\u00f3 Cecilia, \u201cMantengamos a Paco en nuestra memoria hasta que transformemos a nuestra querida Turkana en un jard\u00edn\u201d.<\/p>\n<p>Por Brian Odhiambo Nyamuok,<\/p>\n<p>Misi\u00f3n de Nariokotome.<\/p>\n<p><img loading=\"lazy\" decoding=\"async\" class=\"alignnone size-medium wp-image-9670\" src=\"https:\/\/mcspa.org\/wp-content\/uploads\/2025\/02\/IMG-20250216-WA0061-135x300.jpg\" alt=\"\" width=\"135\" height=\"300\" srcset=\"https:\/\/mcspa.org\/wp-content\/uploads\/2025\/02\/IMG-20250216-WA0061-135x300.jpg 135w, https:\/\/mcspa.org\/wp-content\/uploads\/2025\/02\/IMG-20250216-WA0061-461x1024.jpg 461w, https:\/\/mcspa.org\/wp-content\/uploads\/2025\/02\/IMG-20250216-WA0061.jpg 576w\" sizes=\"auto, (max-width: 135px) 100vw, 135px\" \/><img loading=\"lazy\" decoding=\"async\" class=\"alignnone size-medium wp-image-9676\" src=\"https:\/\/mcspa.org\/wp-content\/uploads\/2025\/02\/IMG-20250216-WA0054-169x300.jpg\" alt=\"\" width=\"169\" height=\"300\" srcset=\"https:\/\/mcspa.org\/wp-content\/uploads\/2025\/02\/IMG-20250216-WA0054-169x300.jpg 169w, https:\/\/mcspa.org\/wp-content\/uploads\/2025\/02\/IMG-20250216-WA0054-576x1024.jpg 576w, https:\/\/mcspa.org\/wp-content\/uploads\/2025\/02\/IMG-20250216-WA0054.jpg 585w\" sizes=\"auto, (max-width: 169px) 100vw, 169px\" \/><img loading=\"lazy\" decoding=\"async\" class=\"alignnone size-medium wp-image-9674\" src=\"https:\/\/mcspa.org\/wp-content\/uploads\/2025\/02\/IMG-20250216-WA0055-169x300.jpg\" alt=\"\" width=\"169\" height=\"300\" srcset=\"https:\/\/mcspa.org\/wp-content\/uploads\/2025\/02\/IMG-20250216-WA0055-169x300.jpg 169w, https:\/\/mcspa.org\/wp-content\/uploads\/2025\/02\/IMG-20250216-WA0055-576x1024.jpg 576w, https:\/\/mcspa.org\/wp-content\/uploads\/2025\/02\/IMG-20250216-WA0055.jpg 585w\" sizes=\"auto, (max-width: 169px) 100vw, 169px\" \/><img loading=\"lazy\" decoding=\"async\" class=\"alignnone size-medium wp-image-9672\" src=\"https:\/\/mcspa.org\/wp-content\/uploads\/2025\/02\/IMG-20250216-WA0056-300x135.jpg\" alt=\"\" width=\"300\" height=\"135\" srcset=\"https:\/\/mcspa.org\/wp-content\/uploads\/2025\/02\/IMG-20250216-WA0056-300x135.jpg 300w, https:\/\/mcspa.org\/wp-content\/uploads\/2025\/02\/IMG-20250216-WA0056-1024x461.jpg 1024w, https:\/\/mcspa.org\/wp-content\/uploads\/2025\/02\/IMG-20250216-WA0056-768x346.jpg 768w, https:\/\/mcspa.org\/wp-content\/uploads\/2025\/02\/IMG-20250216-WA0056.jpg 1280w\" sizes=\"auto, (max-width: 300px) 100vw, 300px\" \/><img loading=\"lazy\" decoding=\"async\" class=\"alignnone size-medium wp-image-9664\" src=\"https:\/\/mcspa.org\/wp-content\/uploads\/2025\/02\/IMG-20250216-WA0058-300x135.jpg\" alt=\"\" width=\"300\" height=\"135\" srcset=\"https:\/\/mcspa.org\/wp-content\/uploads\/2025\/02\/IMG-20250216-WA0058-300x135.jpg 300w, https:\/\/mcspa.org\/wp-content\/uploads\/2025\/02\/IMG-20250216-WA0058-1024x461.jpg 1024w, https:\/\/mcspa.org\/wp-content\/uploads\/2025\/02\/IMG-20250216-WA0058-768x346.jpg 768w, https:\/\/mcspa.org\/wp-content\/uploads\/2025\/02\/IMG-20250216-WA0058.jpg 1280w\" sizes=\"auto, (max-width: 300px) 100vw, 300px\" \/><img loading=\"lazy\" decoding=\"async\" class=\"alignnone size-medium wp-image-9666\" src=\"https:\/\/mcspa.org\/wp-content\/uploads\/2025\/02\/IMG-20250216-WA0059-300x200.jpg\" alt=\"\" width=\"300\" height=\"200\" srcset=\"https:\/\/mcspa.org\/wp-content\/uploads\/2025\/02\/IMG-20250216-WA0059-300x200.jpg 300w, https:\/\/mcspa.org\/wp-content\/uploads\/2025\/02\/IMG-20250216-WA0059-1024x682.jpg 1024w, https:\/\/mcspa.org\/wp-content\/uploads\/2025\/02\/IMG-20250216-WA0059-768x512.jpg 768w, https:\/\/mcspa.org\/wp-content\/uploads\/2025\/02\/IMG-20250216-WA0059.jpg 1280w\" sizes=\"auto, (max-width: 300px) 100vw, 300px\" \/><img loading=\"lazy\" decoding=\"async\" class=\"alignnone size-medium wp-image-9664\" src=\"https:\/\/mcspa.org\/wp-content\/uploads\/2025\/02\/IMG-20250216-WA0058-300x135.jpg\" alt=\"\" width=\"300\" height=\"135\" srcset=\"https:\/\/mcspa.org\/wp-content\/uploads\/2025\/02\/IMG-20250216-WA0058-300x135.jpg 300w, https:\/\/mcspa.org\/wp-content\/uploads\/2025\/02\/IMG-20250216-WA0058-1024x461.jpg 1024w, https:\/\/mcspa.org\/wp-content\/uploads\/2025\/02\/IMG-20250216-WA0058-768x346.jpg 768w, https:\/\/mcspa.org\/wp-content\/uploads\/2025\/02\/IMG-20250216-WA0058.jpg 1280w\" sizes=\"auto, (max-width: 300px) 100vw, 300px\" \/><img loading=\"lazy\" decoding=\"async\" class=\"alignnone size-medium wp-image-9660\" src=\"https:\/\/mcspa.org\/wp-content\/uploads\/2025\/02\/IMG-20250216-WA0063-300x135.jpg\" alt=\"\" width=\"300\" height=\"135\" srcset=\"https:\/\/mcspa.org\/wp-content\/uploads\/2025\/02\/IMG-20250216-WA0063-300x135.jpg 300w, https:\/\/mcspa.org\/wp-content\/uploads\/2025\/02\/IMG-20250216-WA0063-1024x461.jpg 1024w, https:\/\/mcspa.org\/wp-content\/uploads\/2025\/02\/IMG-20250216-WA0063-768x346.jpg 768w, https:\/\/mcspa.org\/wp-content\/uploads\/2025\/02\/IMG-20250216-WA0063.jpg 1280w\" sizes=\"auto, (max-width: 300px) 100vw, 300px\" \/><img loading=\"lazy\" decoding=\"async\" class=\"alignnone size-medium wp-image-9658\" src=\"https:\/\/mcspa.org\/wp-content\/uploads\/2025\/02\/IMG-20250216-WA0064-193x300.jpg\" alt=\"\" width=\"193\" height=\"300\" srcset=\"https:\/\/mcspa.org\/wp-content\/uploads\/2025\/02\/IMG-20250216-WA0064-193x300.jpg 193w, https:\/\/mcspa.org\/wp-content\/uploads\/2025\/02\/IMG-20250216-WA0064-658x1024.jpg 658w, https:\/\/mcspa.org\/wp-content\/uploads\/2025\/02\/IMG-20250216-WA0064-768x1194.jpg 768w, https:\/\/mcspa.org\/wp-content\/uploads\/2025\/02\/IMG-20250216-WA0064.jpg 823w\" sizes=\"auto, (max-width: 193px) 100vw, 193px\" \/><img loading=\"lazy\" decoding=\"async\" class=\"alignnone size-medium wp-image-9656\" src=\"https:\/\/mcspa.org\/wp-content\/uploads\/2025\/02\/IMG-20250216-WA0065-187x300.jpg\" alt=\"\" width=\"187\" height=\"300\" srcset=\"https:\/\/mcspa.org\/wp-content\/uploads\/2025\/02\/IMG-20250216-WA0065-187x300.jpg 187w, https:\/\/mcspa.org\/wp-content\/uploads\/2025\/02\/IMG-20250216-WA0065-638x1024.jpg 638w, https:\/\/mcspa.org\/wp-content\/uploads\/2025\/02\/IMG-20250216-WA0065.jpg 648w\" sizes=\"auto, (max-width: 187px) 100vw, 187px\" \/><\/p>\n","protected":false},"excerpt":{"rendered":"<p>El 15 de febrero, todos los miembros de la Comunidad Misionera de San Pablo Ap\u00f3stol (MCSPA) que vivimos en Turkana, junto con m\u00e1s de 500 fieles, nos reunimos en la Iglesia de San Pablo Ap\u00f3stol en la Misi\u00f3n de Nariokotome para conmemorar el 12\u00ba aniversario de la muerte de nuestro fundador, el P. Francisco Andreo, [&hellip;]<\/p>\n","protected":false},"author":12,"featured_media":9666,"comment_status":"closed","ping_status":"open","sticky":false,"template":"","format":"standard","meta":{"footnotes":""},"categories":[82],"tags":[],"class_list":["post-9679","post","type-post","status-publish","format-standard","has-post-thumbnail","hentry","category-mcspa-es"],"yoast_head":"<!-- This site is optimized with the Yoast SEO plugin v27.2 - https:\/\/yoast.com\/product\/yoast-seo-wordpress\/ -->\n<title>Misa especial en memoria del Padre Paco y el Sr. Roy Gontier - Comunidad misionera de San Pablo Apostol - MCSPA<\/title>\n<meta name=\"robots\" content=\"index, follow, max-snippet:-1, max-image-preview:large, max-video-preview:-1\" \/>\n<link rel=\"canonical\" href=\"https:\/\/mcspa.org\/es\/misa-especial-en-memoria-del-padre-paco-y-el-sr-roy-gontier\/\" \/>\n<meta property=\"og:locale\" content=\"es_ES\" \/>\n<meta property=\"og:type\" content=\"article\" \/>\n<meta property=\"og:title\" content=\"Misa especial en memoria del Padre Paco y el Sr. Roy Gontier - Comunidad misionera de San Pablo Apostol - MCSPA\" \/>\n<meta property=\"og:description\" content=\"El 15 de febrero, todos los miembros de la Comunidad Misionera de San Pablo Ap\u00f3stol (MCSPA) que vivimos en Turkana, junto con m\u00e1s de 500 fieles, nos reunimos en la Iglesia de San Pablo Ap\u00f3stol en la Misi\u00f3n de Nariokotome para conmemorar el 12\u00ba aniversario de la muerte de nuestro fundador, el P. Francisco Andreo, [&hellip;]\" \/>\n<meta property=\"og:url\" content=\"https:\/\/mcspa.org\/es\/misa-especial-en-memoria-del-padre-paco-y-el-sr-roy-gontier\/\" \/>\n<meta property=\"og:site_name\" content=\"Comunidad misionera de San Pablo Apostol - MCSPA\" \/>\n<meta property=\"article:publisher\" content=\"https:\/\/www.facebook.com\/mcspa\" \/>\n<meta property=\"article:published_time\" content=\"2025-02-16T15:14:09+00:00\" \/>\n<meta property=\"article:modified_time\" content=\"2025-02-16T15:16:19+00:00\" \/>\n<meta property=\"og:image\" content=\"https:\/\/mcspa.org\/wp-content\/uploads\/2025\/02\/IMG-20250216-WA0059.jpg\" \/>\n\t<meta property=\"og:image:width\" content=\"1280\" \/>\n\t<meta property=\"og:image:height\" content=\"853\" \/>\n\t<meta property=\"og:image:type\" content=\"image\/jpeg\" \/>\n<meta name=\"author\" content=\"Tigist Mekonnen\" \/>\n<meta name=\"twitter:card\" content=\"summary_large_image\" \/>\n<meta name=\"twitter:creator\" content=\"@mcspa_org\" \/>\n<meta name=\"twitter:site\" content=\"@mcspa_org\" \/>\n<meta name=\"twitter:label1\" content=\"Escrito por\" \/>\n\t<meta name=\"twitter:data1\" content=\"Tigist Mekonnen\" \/>\n\t<meta name=\"twitter:label2\" content=\"Tiempo de lectura\" \/>\n\t<meta name=\"twitter:data2\" content=\"4 minutos\" \/>\n<script type=\"application\/ld+json\" class=\"yoast-schema-graph\">{\"@context\":\"https:\/\/schema.org\",\"@graph\":[{\"@type\":\"Article\",\"@id\":\"https:\/\/mcspa.org\/es\/misa-especial-en-memoria-del-padre-paco-y-el-sr-roy-gontier\/#article\",\"isPartOf\":{\"@id\":\"https:\/\/mcspa.org\/es\/misa-especial-en-memoria-del-padre-paco-y-el-sr-roy-gontier\/\"},\"author\":{\"name\":\"Tigist Mekonnen\",\"@id\":\"https:\/\/mcspa.org\/#\/schema\/person\/2ade74bdb2743cb40b7b0093d9549b41\"},\"headline\":\"Misa especial en memoria del Padre Paco y el Sr. Roy Gontier\",\"datePublished\":\"2025-02-16T15:14:09+00:00\",\"dateModified\":\"2025-02-16T15:16:19+00:00\",\"mainEntityOfPage\":{\"@id\":\"https:\/\/mcspa.org\/es\/misa-especial-en-memoria-del-padre-paco-y-el-sr-roy-gontier\/\"},\"wordCount\":369,\"publisher\":{\"@id\":\"https:\/\/mcspa.org\/#organization\"},\"image\":{\"@id\":\"https:\/\/mcspa.org\/es\/misa-especial-en-memoria-del-padre-paco-y-el-sr-roy-gontier\/#primaryimage\"},\"thumbnailUrl\":\"https:\/\/mcspa.org\/wp-content\/uploads\/2025\/02\/IMG-20250216-WA0059.jpg\",\"articleSection\":[\"MCSPA\"],\"inLanguage\":\"es\"},{\"@type\":\"WebPage\",\"@id\":\"https:\/\/mcspa.org\/es\/misa-especial-en-memoria-del-padre-paco-y-el-sr-roy-gontier\/\",\"url\":\"https:\/\/mcspa.org\/es\/misa-especial-en-memoria-del-padre-paco-y-el-sr-roy-gontier\/\",\"name\":\"Misa especial en memoria del Padre Paco y el Sr. Roy Gontier - Comunidad misionera de San Pablo Apostol - MCSPA\",\"isPartOf\":{\"@id\":\"https:\/\/mcspa.org\/#website\"},\"primaryImageOfPage\":{\"@id\":\"https:\/\/mcspa.org\/es\/misa-especial-en-memoria-del-padre-paco-y-el-sr-roy-gontier\/#primaryimage\"},\"image\":{\"@id\":\"https:\/\/mcspa.org\/es\/misa-especial-en-memoria-del-padre-paco-y-el-sr-roy-gontier\/#primaryimage\"},\"thumbnailUrl\":\"https:\/\/mcspa.org\/wp-content\/uploads\/2025\/02\/IMG-20250216-WA0059.jpg\",\"datePublished\":\"2025-02-16T15:14:09+00:00\",\"dateModified\":\"2025-02-16T15:16:19+00:00\",\"breadcrumb\":{\"@id\":\"https:\/\/mcspa.org\/es\/misa-especial-en-memoria-del-padre-paco-y-el-sr-roy-gontier\/#breadcrumb\"},\"inLanguage\":\"es\",\"potentialAction\":[{\"@type\":\"ReadAction\",\"target\":[\"https:\/\/mcspa.org\/es\/misa-especial-en-memoria-del-padre-paco-y-el-sr-roy-gontier\/\"]}]},{\"@type\":\"ImageObject\",\"inLanguage\":\"es\",\"@id\":\"https:\/\/mcspa.org\/es\/misa-especial-en-memoria-del-padre-paco-y-el-sr-roy-gontier\/#primaryimage\",\"url\":\"https:\/\/mcspa.org\/wp-content\/uploads\/2025\/02\/IMG-20250216-WA0059.jpg\",\"contentUrl\":\"https:\/\/mcspa.org\/wp-content\/uploads\/2025\/02\/IMG-20250216-WA0059.jpg\",\"width\":1280,\"height\":853},{\"@type\":\"BreadcrumbList\",\"@id\":\"https:\/\/mcspa.org\/es\/misa-especial-en-memoria-del-padre-paco-y-el-sr-roy-gontier\/#breadcrumb\",\"itemListElement\":[{\"@type\":\"ListItem\",\"position\":1,\"name\":\"Portada\",\"item\":\"https:\/\/mcspa.org\/es\/agency-homepage\/\"},{\"@type\":\"ListItem\",\"position\":2,\"name\":\"Misa especial en memoria del Padre Paco y el Sr. Roy Gontier\"}]},{\"@type\":\"WebSite\",\"@id\":\"https:\/\/mcspa.org\/#website\",\"url\":\"https:\/\/mcspa.org\/\",\"name\":\"Comunidad misionera de San Pablo Apostol - MCSPA\",\"description\":\"\",\"publisher\":{\"@id\":\"https:\/\/mcspa.org\/#organization\"},\"potentialAction\":[{\"@type\":\"SearchAction\",\"target\":{\"@type\":\"EntryPoint\",\"urlTemplate\":\"https:\/\/mcspa.org\/?s={search_term_string}\"},\"query-input\":{\"@type\":\"PropertyValueSpecification\",\"valueRequired\":true,\"valueName\":\"search_term_string\"}}],\"inLanguage\":\"es\"},{\"@type\":\"Organization\",\"@id\":\"https:\/\/mcspa.org\/#organization\",\"name\":\"Missionary Community of St. Paul the Apostle - MCSPA\",\"url\":\"https:\/\/mcspa.org\/\",\"logo\":{\"@type\":\"ImageObject\",\"inLanguage\":\"es\",\"@id\":\"https:\/\/mcspa.org\/#\/schema\/logo\/image\/\",\"url\":\"https:\/\/mcspa.org\/wp-content\/uploads\/2022\/11\/MCSPA-logo-english.png\",\"contentUrl\":\"https:\/\/mcspa.org\/wp-content\/uploads\/2022\/11\/MCSPA-logo-english.png\",\"width\":3614,\"height\":1244,\"caption\":\"Missionary Community of St. Paul the Apostle - MCSPA\"},\"image\":{\"@id\":\"https:\/\/mcspa.org\/#\/schema\/logo\/image\/\"},\"sameAs\":[\"https:\/\/www.facebook.com\/mcspa\",\"https:\/\/x.com\/mcspa_org\",\"https:\/\/www.instagram.com\/mcspa_mmc\/\",\"https:\/\/www.youtube.com\/channel\/UC1df8SuPOPbFtMhlokt9gZQ\",\"https:\/\/www.youtube.com\/c\/MCSPA\"]},{\"@type\":\"Person\",\"@id\":\"https:\/\/mcspa.org\/#\/schema\/person\/2ade74bdb2743cb40b7b0093d9549b41\",\"name\":\"Tigist Mekonnen\",\"image\":{\"@type\":\"ImageObject\",\"inLanguage\":\"es\",\"@id\":\"https:\/\/secure.gravatar.com\/avatar\/c9bdf6de8a513947ed9b7fbbf15a2af72951bf7a9aba322502a0344d73668054?s=96&d=mm&r=g\",\"url\":\"https:\/\/secure.gravatar.com\/avatar\/c9bdf6de8a513947ed9b7fbbf15a2af72951bf7a9aba322502a0344d73668054?s=96&d=mm&r=g\",\"contentUrl\":\"https:\/\/secure.gravatar.com\/avatar\/c9bdf6de8a513947ed9b7fbbf15a2af72951bf7a9aba322502a0344d73668054?s=96&d=mm&r=g\",\"caption\":\"Tigist Mekonnen\"},\"url\":\"https:\/\/mcspa.org\/es\/author\/tigist\/\"}]}<\/script>\n<!-- \/ Yoast SEO plugin. -->","yoast_head_json":{"title":"Misa especial en memoria del Padre Paco y el Sr. Roy Gontier - Comunidad misionera de San Pablo Apostol - MCSPA","robots":{"index":"index","follow":"follow","max-snippet":"max-snippet:-1","max-image-preview":"max-image-preview:large","max-video-preview":"max-video-preview:-1"},"canonical":"https:\/\/mcspa.org\/es\/misa-especial-en-memoria-del-padre-paco-y-el-sr-roy-gontier\/","og_locale":"es_ES","og_type":"article","og_title":"Misa especial en memoria del Padre Paco y el Sr. Roy Gontier - Comunidad misionera de San Pablo Apostol - MCSPA","og_description":"El 15 de febrero, todos los miembros de la Comunidad Misionera de San Pablo Ap\u00f3stol (MCSPA) que vivimos en Turkana, junto con m\u00e1s de 500 fieles, nos reunimos en la Iglesia de San Pablo Ap\u00f3stol en la Misi\u00f3n de Nariokotome para conmemorar el 12\u00ba aniversario de la muerte de nuestro fundador, el P. Francisco Andreo, [&hellip;]","og_url":"https:\/\/mcspa.org\/es\/misa-especial-en-memoria-del-padre-paco-y-el-sr-roy-gontier\/","og_site_name":"Comunidad misionera de San Pablo Apostol - MCSPA","article_publisher":"https:\/\/www.facebook.com\/mcspa","article_published_time":"2025-02-16T15:14:09+00:00","article_modified_time":"2025-02-16T15:16:19+00:00","og_image":[{"width":1280,"height":853,"url":"https:\/\/mcspa.org\/wp-content\/uploads\/2025\/02\/IMG-20250216-WA0059.jpg","type":"image\/jpeg"}],"author":"Tigist Mekonnen","twitter_card":"summary_large_image","twitter_creator":"@mcspa_org","twitter_site":"@mcspa_org","twitter_misc":{"Escrito por":"Tigist Mekonnen","Tiempo de lectura":"4 minutos"},"schema":{"@context":"https:\/\/schema.org","@graph":[{"@type":"Article","@id":"https:\/\/mcspa.org\/es\/misa-especial-en-memoria-del-padre-paco-y-el-sr-roy-gontier\/#article","isPartOf":{"@id":"https:\/\/mcspa.org\/es\/misa-especial-en-memoria-del-padre-paco-y-el-sr-roy-gontier\/"},"author":{"name":"Tigist Mekonnen","@id":"https:\/\/mcspa.org\/#\/schema\/person\/2ade74bdb2743cb40b7b0093d9549b41"},"headline":"Misa especial en memoria del Padre Paco y el Sr. Roy Gontier","datePublished":"2025-02-16T15:14:09+00:00","dateModified":"2025-02-16T15:16:19+00:00","mainEntityOfPage":{"@id":"https:\/\/mcspa.org\/es\/misa-especial-en-memoria-del-padre-paco-y-el-sr-roy-gontier\/"},"wordCount":369,"publisher":{"@id":"https:\/\/mcspa.org\/#organization"},"image":{"@id":"https:\/\/mcspa.org\/es\/misa-especial-en-memoria-del-padre-paco-y-el-sr-roy-gontier\/#primaryimage"},"thumbnailUrl":"https:\/\/mcspa.org\/wp-content\/uploads\/2025\/02\/IMG-20250216-WA0059.jpg","articleSection":["MCSPA"],"inLanguage":"es"},{"@type":"WebPage","@id":"https:\/\/mcspa.org\/es\/misa-especial-en-memoria-del-padre-paco-y-el-sr-roy-gontier\/","url":"https:\/\/mcspa.org\/es\/misa-especial-en-memoria-del-padre-paco-y-el-sr-roy-gontier\/","name":"Misa especial en memoria del Padre Paco y el Sr. Roy Gontier - Comunidad misionera de San Pablo Apostol - MCSPA","isPartOf":{"@id":"https:\/\/mcspa.org\/#website"},"primaryImageOfPage":{"@id":"https:\/\/mcspa.org\/es\/misa-especial-en-memoria-del-padre-paco-y-el-sr-roy-gontier\/#primaryimage"},"image":{"@id":"https:\/\/mcspa.org\/es\/misa-especial-en-memoria-del-padre-paco-y-el-sr-roy-gontier\/#primaryimage"},"thumbnailUrl":"https:\/\/mcspa.org\/wp-content\/uploads\/2025\/02\/IMG-20250216-WA0059.jpg","datePublished":"2025-02-16T15:14:09+00:00","dateModified":"2025-02-16T15:16:19+00:00","breadcrumb":{"@id":"https:\/\/mcspa.org\/es\/misa-especial-en-memoria-del-padre-paco-y-el-sr-roy-gontier\/#breadcrumb"},"inLanguage":"es","potentialAction":[{"@type":"ReadAction","target":["https:\/\/mcspa.org\/es\/misa-especial-en-memoria-del-padre-paco-y-el-sr-roy-gontier\/"]}]},{"@type":"ImageObject","inLanguage":"es","@id":"https:\/\/mcspa.org\/es\/misa-especial-en-memoria-del-padre-paco-y-el-sr-roy-gontier\/#primaryimage","url":"https:\/\/mcspa.org\/wp-content\/uploads\/2025\/02\/IMG-20250216-WA0059.jpg","contentUrl":"https:\/\/mcspa.org\/wp-content\/uploads\/2025\/02\/IMG-20250216-WA0059.jpg","width":1280,"height":853},{"@type":"BreadcrumbList","@id":"https:\/\/mcspa.org\/es\/misa-especial-en-memoria-del-padre-paco-y-el-sr-roy-gontier\/#breadcrumb","itemListElement":[{"@type":"ListItem","position":1,"name":"Portada","item":"https:\/\/mcspa.org\/es\/agency-homepage\/"},{"@type":"ListItem","position":2,"name":"Misa especial en memoria del Padre Paco y el Sr. Roy Gontier"}]},{"@type":"WebSite","@id":"https:\/\/mcspa.org\/#website","url":"https:\/\/mcspa.org\/","name":"Comunidad misionera de San Pablo Apostol - MCSPA","description":"","publisher":{"@id":"https:\/\/mcspa.org\/#organization"},"potentialAction":[{"@type":"SearchAction","target":{"@type":"EntryPoint","urlTemplate":"https:\/\/mcspa.org\/?s={search_term_string}"},"query-input":{"@type":"PropertyValueSpecification","valueRequired":true,"valueName":"search_term_string"}}],"inLanguage":"es"},{"@type":"Organization","@id":"https:\/\/mcspa.org\/#organization","name":"Missionary Community of St. Paul the Apostle - MCSPA","url":"https:\/\/mcspa.org\/","logo":{"@type":"ImageObject","inLanguage":"es","@id":"https:\/\/mcspa.org\/#\/schema\/logo\/image\/","url":"https:\/\/mcspa.org\/wp-content\/uploads\/2022\/11\/MCSPA-logo-english.png","contentUrl":"https:\/\/mcspa.org\/wp-content\/uploads\/2022\/11\/MCSPA-logo-english.png","width":3614,"height":1244,"caption":"Missionary Community of St. Paul the Apostle - MCSPA"},"image":{"@id":"https:\/\/mcspa.org\/#\/schema\/logo\/image\/"},"sameAs":["https:\/\/www.facebook.com\/mcspa","https:\/\/x.com\/mcspa_org","https:\/\/www.instagram.com\/mcspa_mmc\/","https:\/\/www.youtube.com\/channel\/UC1df8SuPOPbFtMhlokt9gZQ","https:\/\/www.youtube.com\/c\/MCSPA"]},{"@type":"Person","@id":"https:\/\/mcspa.org\/#\/schema\/person\/2ade74bdb2743cb40b7b0093d9549b41","name":"Tigist Mekonnen","image":{"@type":"ImageObject","inLanguage":"es","@id":"https:\/\/secure.gravatar.com\/avatar\/c9bdf6de8a513947ed9b7fbbf15a2af72951bf7a9aba322502a0344d73668054?s=96&d=mm&r=g","url":"https:\/\/secure.gravatar.com\/avatar\/c9bdf6de8a513947ed9b7fbbf15a2af72951bf7a9aba322502a0344d73668054?s=96&d=mm&r=g","contentUrl":"https:\/\/secure.gravatar.com\/avatar\/c9bdf6de8a513947ed9b7fbbf15a2af72951bf7a9aba322502a0344d73668054?s=96&d=mm&r=g","caption":"Tigist Mekonnen"},"url":"https:\/\/mcspa.org\/es\/author\/tigist\/"}]}},"_links":{"self":[{"href":"https:\/\/mcspa.org\/es\/wp-json\/wp\/v2\/posts\/9679","targetHints":{"allow":["GET"]}}],"collection":[{"href":"https:\/\/mcspa.org\/es\/wp-json\/wp\/v2\/posts"}],"about":[{"href":"https:\/\/mcspa.org\/es\/wp-json\/wp\/v2\/types\/post"}],"author":[{"embeddable":true,"href":"https:\/\/mcspa.org\/es\/wp-json\/wp\/v2\/users\/12"}],"replies":[{"embeddable":true,"href":"https:\/\/mcspa.org\/es\/wp-json\/wp\/v2\/comments?post=9679"}],"version-history":[{"count":3,"href":"https:\/\/mcspa.org\/es\/wp-json\/wp\/v2\/posts\/9679\/revisions"}],"predecessor-version":[{"id":9682,"href":"https:\/\/mcspa.org\/es\/wp-json\/wp\/v2\/posts\/9679\/revisions\/9682"}],"wp:featuredmedia":[{"embeddable":true,"href":"https:\/\/mcspa.org\/es\/wp-json\/wp\/v2\/media\/9666"}],"wp:attachment":[{"href":"https:\/\/mcspa.org\/es\/wp-json\/wp\/v2\/media?parent=9679"}],"wp:term":[{"taxonomy":"category","embeddable":true,"href":"https:\/\/mcspa.org\/es\/wp-json\/wp\/v2\/categories?post=9679"},{"taxonomy":"post_tag","embeddable":true,"href":"https:\/\/mcspa.org\/es\/wp-json\/wp\/v2\/tags?post=9679"}],"curies":[{"name":"wp","href":"https:\/\/api.w.org\/{rel}","templated":true}]}}