{"id":9477,"date":"2024-12-26T16:29:56","date_gmt":"2024-12-26T13:29:56","guid":{"rendered":"https:\/\/mcspa.org\/?p=9477"},"modified":"2024-12-26T16:29:56","modified_gmt":"2024-12-26T13:29:56","slug":"graduacion-de-la-guarderia-ave-maria-y-clausura-del-ano-academico","status":"publish","type":"post","link":"https:\/\/mcspa.org\/es\/graduacion-de-la-guarderia-ave-maria-y-clausura-del-ano-academico\/","title":{"rendered":"Graduaci\u00f3n de la guarder\u00eda Ave Maria y Clausura del A\u00f1o Acad\u00e9mico"},"content":{"rendered":"<p>Los ni\u00f1os de las guarder\u00edas Ave Mar\u00eda y Centenary Cross \u2013 dos de los tres guarder\u00edas que la MCSPA gestiona en Sud\u00e1n del Sur \u2013 tuvieron una maravillosa celebraci\u00f3n de fin de a\u00f1o.<\/p>\n<p>&nbsp;<\/p>\n<p>Los mas mayores de ambas escuelas cerraron el a\u00f1o con estilo y con una notable celebraci\u00f3n organizada por los padres y la administraci\u00f3n escolar. Hubo una procesi\u00f3n de unos 2kms desde la escuela primaria hasta la guarder\u00eda. Los ni\u00f1os, vestidos con sus atuendos de graduaci\u00f3n, fueron escoltados por la banda de la escuela Ave Maria. Esto atrajo la atenci\u00f3n de la mayor\u00eda de los ni\u00f1os de las aldeas a lo largo del camino, especialmente de los m\u00e1s peque\u00f1os. Desde la distancia, se pod\u00eda escuchar a un ni\u00f1o decirle a su madre, en el idioma local: \u201cMam\u00e1, me gustar\u00eda ir a la escuela como estos ni\u00f1os\u201d.<\/p>\n<p>&nbsp;<\/p>\n<p>Los ni\u00f1os \u201cgraduados\u201d estaban muy felices y realmente se ganaron esta celebraci\u00f3n. M\u00e1s tarde, frente a sus padres, mostraron su talento en canto y poes\u00eda. Sus padres estaban orgullosos de ver a sus hijos recibir premios y certificados que les permit\u00edan continuar con su educaci\u00f3n primaria. Fue un evento para celebrar una ocasi\u00f3n sencilla, pero que signific\u00f3 el mundo para los ni\u00f1os y las familias de una peque\u00f1a aldea olvidada de Sud\u00e1n del Sur. Me record\u00f3 a otro evento sumamente importante que ocurri\u00f3 hace 2,000 a\u00f1os en un peque\u00f1o e insignificante pueblo de Judea, excepto que aquel evento del nacimiento del Ni\u00f1o pas\u00f3 en gran medida desapercibido.<\/p>\n<p>&nbsp;<\/p>\n<p>Es nuestro deseo y alegr\u00eda hacer que nuestros ni\u00f1os amen la escuela y animar a m\u00e1s padres a enviar a sus hijos a la escuela. Esperamos que para 2030 todos los ni\u00f1os entre las edades de 4 y 8 a\u00f1os asistan a la escuela sin que nosotros (la administraci\u00f3n escolar) tengamos que seguir o solicitar a los padres que lo hagan.<\/p>\n<p>&nbsp;<\/p>\n<p>Con estas hermosas fotos damos gracias a todos los que apoyaron el Programa Educativo Ave Maria de este a\u00f1o: \u00a1Educaci\u00f3n para la Paz!<\/p>\n<p>&nbsp;<\/p>\n<p>Lillian Omari, MCSPA<\/p>\n<p>Misi\u00f3n Ave Maria (SUD\u00c1N DEL SUR)<\/p>\n<p><img loading=\"lazy\" decoding=\"async\" class=\"alignnone size-medium wp-image-9460\" src=\"https:\/\/mcspa.org\/wp-content\/uploads\/2024\/12\/IMG-20241226-WA0014-300x200.jpg\" alt=\"\" width=\"300\" height=\"200\" srcset=\"https:\/\/mcspa.org\/wp-content\/uploads\/2024\/12\/IMG-20241226-WA0014-300x200.jpg 300w, https:\/\/mcspa.org\/wp-content\/uploads\/2024\/12\/IMG-20241226-WA0014-1024x682.jpg 1024w, https:\/\/mcspa.org\/wp-content\/uploads\/2024\/12\/IMG-20241226-WA0014-768x512.jpg 768w, https:\/\/mcspa.org\/wp-content\/uploads\/2024\/12\/IMG-20241226-WA0014.jpg 1280w\" sizes=\"auto, (max-width: 300px) 100vw, 300px\" \/><img loading=\"lazy\" decoding=\"async\" class=\"alignnone size-medium wp-image-9468\" src=\"https:\/\/mcspa.org\/wp-content\/uploads\/2024\/12\/IMG-20241226-WA0013-300x200.jpg\" alt=\"\" width=\"300\" height=\"200\" srcset=\"https:\/\/mcspa.org\/wp-content\/uploads\/2024\/12\/IMG-20241226-WA0013-300x200.jpg 300w, https:\/\/mcspa.org\/wp-content\/uploads\/2024\/12\/IMG-20241226-WA0013-1024x682.jpg 1024w, https:\/\/mcspa.org\/wp-content\/uploads\/2024\/12\/IMG-20241226-WA0013-768x512.jpg 768w, https:\/\/mcspa.org\/wp-content\/uploads\/2024\/12\/IMG-20241226-WA0013.jpg 1280w\" sizes=\"auto, (max-width: 300px) 100vw, 300px\" \/><img loading=\"lazy\" decoding=\"async\" class=\"alignnone size-medium wp-image-9462\" src=\"https:\/\/mcspa.org\/wp-content\/uploads\/2024\/12\/IMG-20241226-WA0016-300x135.jpg\" alt=\"\" width=\"300\" height=\"135\" srcset=\"https:\/\/mcspa.org\/wp-content\/uploads\/2024\/12\/IMG-20241226-WA0016-300x135.jpg 300w, https:\/\/mcspa.org\/wp-content\/uploads\/2024\/12\/IMG-20241226-WA0016-1024x462.jpg 1024w, https:\/\/mcspa.org\/wp-content\/uploads\/2024\/12\/IMG-20241226-WA0016-768x346.jpg 768w, https:\/\/mcspa.org\/wp-content\/uploads\/2024\/12\/IMG-20241226-WA0016.jpg 1280w\" sizes=\"auto, (max-width: 300px) 100vw, 300px\" \/><img loading=\"lazy\" decoding=\"async\" class=\"alignnone size-medium wp-image-9464\" src=\"https:\/\/mcspa.org\/wp-content\/uploads\/2024\/12\/IMG-20241226-WA0009-300x135.jpg\" alt=\"\" width=\"300\" height=\"135\" srcset=\"https:\/\/mcspa.org\/wp-content\/uploads\/2024\/12\/IMG-20241226-WA0009-300x135.jpg 300w, https:\/\/mcspa.org\/wp-content\/uploads\/2024\/12\/IMG-20241226-WA0009-1024x461.jpg 1024w, https:\/\/mcspa.org\/wp-content\/uploads\/2024\/12\/IMG-20241226-WA0009-768x346.jpg 768w, https:\/\/mcspa.org\/wp-content\/uploads\/2024\/12\/IMG-20241226-WA0009.jpg 1280w\" sizes=\"auto, (max-width: 300px) 100vw, 300px\" \/><img loading=\"lazy\" decoding=\"async\" class=\"alignnone size-medium wp-image-9466\" src=\"https:\/\/mcspa.org\/wp-content\/uploads\/2024\/12\/IMG-20241226-WA0012-300x135.jpg\" alt=\"\" width=\"300\" height=\"135\" srcset=\"https:\/\/mcspa.org\/wp-content\/uploads\/2024\/12\/IMG-20241226-WA0012-300x135.jpg 300w, https:\/\/mcspa.org\/wp-content\/uploads\/2024\/12\/IMG-20241226-WA0012-1024x461.jpg 1024w, https:\/\/mcspa.org\/wp-content\/uploads\/2024\/12\/IMG-20241226-WA0012-768x346.jpg 768w, https:\/\/mcspa.org\/wp-content\/uploads\/2024\/12\/IMG-20241226-WA0012.jpg 1280w\" sizes=\"auto, (max-width: 300px) 100vw, 300px\" \/><img loading=\"lazy\" decoding=\"async\" class=\"alignnone size-medium wp-image-9470\" src=\"https:\/\/mcspa.org\/wp-content\/uploads\/2024\/12\/IMG-20241226-WA0011-300x135.jpg\" alt=\"\" width=\"300\" height=\"135\" srcset=\"https:\/\/mcspa.org\/wp-content\/uploads\/2024\/12\/IMG-20241226-WA0011-300x135.jpg 300w, https:\/\/mcspa.org\/wp-content\/uploads\/2024\/12\/IMG-20241226-WA0011-1024x461.jpg 1024w, https:\/\/mcspa.org\/wp-content\/uploads\/2024\/12\/IMG-20241226-WA0011-768x346.jpg 768w, https:\/\/mcspa.org\/wp-content\/uploads\/2024\/12\/IMG-20241226-WA0011.jpg 1280w\" sizes=\"auto, (max-width: 300px) 100vw, 300px\" \/><img loading=\"lazy\" decoding=\"async\" class=\"alignnone size-medium wp-image-9474\" src=\"https:\/\/mcspa.org\/wp-content\/uploads\/2024\/12\/IMG-20241226-WA0010-300x135.jpg\" alt=\"\" width=\"300\" height=\"135\" srcset=\"https:\/\/mcspa.org\/wp-content\/uploads\/2024\/12\/IMG-20241226-WA0010-300x135.jpg 300w, https:\/\/mcspa.org\/wp-content\/uploads\/2024\/12\/IMG-20241226-WA0010-1024x461.jpg 1024w, https:\/\/mcspa.org\/wp-content\/uploads\/2024\/12\/IMG-20241226-WA0010-768x346.jpg 768w, https:\/\/mcspa.org\/wp-content\/uploads\/2024\/12\/IMG-20241226-WA0010.jpg 1280w\" sizes=\"auto, (max-width: 300px) 100vw, 300px\" \/><img loading=\"lazy\" decoding=\"async\" class=\"alignnone size-medium wp-image-9472\" src=\"https:\/\/mcspa.org\/wp-content\/uploads\/2024\/12\/IMG-20241226-WA0015-300x135.jpg\" alt=\"\" width=\"300\" height=\"135\" srcset=\"https:\/\/mcspa.org\/wp-content\/uploads\/2024\/12\/IMG-20241226-WA0015-300x135.jpg 300w, https:\/\/mcspa.org\/wp-content\/uploads\/2024\/12\/IMG-20241226-WA0015-1024x461.jpg 1024w, https:\/\/mcspa.org\/wp-content\/uploads\/2024\/12\/IMG-20241226-WA0015-768x346.jpg 768w, https:\/\/mcspa.org\/wp-content\/uploads\/2024\/12\/IMG-20241226-WA0015.jpg 1280w\" sizes=\"auto, (max-width: 300px) 100vw, 300px\" \/><\/p>\n","protected":false},"excerpt":{"rendered":"<p>Los ni\u00f1os de las guarder\u00edas Ave Mar\u00eda y Centenary Cross \u2013 dos de los tres guarder\u00edas que la MCSPA gestiona en Sud\u00e1n del Sur \u2013 tuvieron una maravillosa celebraci\u00f3n de fin de a\u00f1o. &nbsp; Los mas mayores de ambas escuelas cerraron el a\u00f1o con estilo y con una notable celebraci\u00f3n organizada por los padres y [&hellip;]<\/p>\n","protected":false},"author":12,"featured_media":9474,"comment_status":"closed","ping_status":"open","sticky":false,"template":"","format":"standard","meta":{"footnotes":""},"categories":[82],"tags":[],"class_list":["post-9477","post","type-post","status-publish","format-standard","has-post-thumbnail","hentry","category-mcspa-es"],"yoast_head":"<!-- This site is optimized with the Yoast SEO plugin v27.2 - https:\/\/yoast.com\/product\/yoast-seo-wordpress\/ -->\n<title>Graduaci\u00f3n de la guarder\u00eda Ave Maria y Clausura del A\u00f1o Acad\u00e9mico - Comunidad misionera de San Pablo Apostol - MCSPA<\/title>\n<meta name=\"robots\" content=\"index, follow, max-snippet:-1, max-image-preview:large, max-video-preview:-1\" \/>\n<link rel=\"canonical\" href=\"https:\/\/mcspa.org\/es\/graduacion-de-la-guarderia-ave-maria-y-clausura-del-ano-academico\/\" \/>\n<meta property=\"og:locale\" content=\"es_ES\" \/>\n<meta property=\"og:type\" content=\"article\" \/>\n<meta property=\"og:title\" content=\"Graduaci\u00f3n de la guarder\u00eda Ave Maria y Clausura del A\u00f1o Acad\u00e9mico - Comunidad misionera de San Pablo Apostol - MCSPA\" \/>\n<meta property=\"og:description\" content=\"Los ni\u00f1os de las guarder\u00edas Ave Mar\u00eda y Centenary Cross \u2013 dos de los tres guarder\u00edas que la MCSPA gestiona en Sud\u00e1n del Sur \u2013 tuvieron una maravillosa celebraci\u00f3n de fin de a\u00f1o. &nbsp; Los mas mayores de ambas escuelas cerraron el a\u00f1o con estilo y con una notable celebraci\u00f3n organizada por los padres y [&hellip;]\" \/>\n<meta property=\"og:url\" content=\"https:\/\/mcspa.org\/es\/graduacion-de-la-guarderia-ave-maria-y-clausura-del-ano-academico\/\" \/>\n<meta property=\"og:site_name\" content=\"Comunidad misionera de San Pablo Apostol - MCSPA\" \/>\n<meta property=\"article:publisher\" content=\"https:\/\/www.facebook.com\/mcspa\" \/>\n<meta property=\"article:published_time\" content=\"2024-12-26T13:29:56+00:00\" \/>\n<meta property=\"og:image\" content=\"https:\/\/mcspa.org\/wp-content\/uploads\/2024\/12\/IMG-20241226-WA0010.jpg\" \/>\n\t<meta property=\"og:image:width\" content=\"1280\" \/>\n\t<meta property=\"og:image:height\" content=\"576\" \/>\n\t<meta property=\"og:image:type\" content=\"image\/jpeg\" \/>\n<meta name=\"author\" content=\"Tigist Mekonnen\" \/>\n<meta name=\"twitter:card\" content=\"summary_large_image\" \/>\n<meta name=\"twitter:creator\" content=\"@mcspa_org\" \/>\n<meta name=\"twitter:site\" content=\"@mcspa_org\" \/>\n<meta name=\"twitter:label1\" content=\"Escrito por\" \/>\n\t<meta name=\"twitter:data1\" content=\"Tigist Mekonnen\" \/>\n\t<meta name=\"twitter:label2\" content=\"Tiempo de lectura\" \/>\n\t<meta name=\"twitter:data2\" content=\"4 minutos\" \/>\n<script type=\"application\/ld+json\" class=\"yoast-schema-graph\">{\"@context\":\"https:\/\/schema.org\",\"@graph\":[{\"@type\":\"Article\",\"@id\":\"https:\/\/mcspa.org\/es\/graduacion-de-la-guarderia-ave-maria-y-clausura-del-ano-academico\/#article\",\"isPartOf\":{\"@id\":\"https:\/\/mcspa.org\/es\/graduacion-de-la-guarderia-ave-maria-y-clausura-del-ano-academico\/\"},\"author\":{\"name\":\"Tigist Mekonnen\",\"@id\":\"https:\/\/mcspa.org\/#\/schema\/person\/2ade74bdb2743cb40b7b0093d9549b41\"},\"headline\":\"Graduaci\u00f3n de la guarder\u00eda Ave Maria y Clausura del A\u00f1o Acad\u00e9mico\",\"datePublished\":\"2024-12-26T13:29:56+00:00\",\"mainEntityOfPage\":{\"@id\":\"https:\/\/mcspa.org\/es\/graduacion-de-la-guarderia-ave-maria-y-clausura-del-ano-academico\/\"},\"wordCount\":398,\"publisher\":{\"@id\":\"https:\/\/mcspa.org\/#organization\"},\"image\":{\"@id\":\"https:\/\/mcspa.org\/es\/graduacion-de-la-guarderia-ave-maria-y-clausura-del-ano-academico\/#primaryimage\"},\"thumbnailUrl\":\"https:\/\/mcspa.org\/wp-content\/uploads\/2024\/12\/IMG-20241226-WA0010.jpg\",\"articleSection\":[\"MCSPA\"],\"inLanguage\":\"es\"},{\"@type\":\"WebPage\",\"@id\":\"https:\/\/mcspa.org\/es\/graduacion-de-la-guarderia-ave-maria-y-clausura-del-ano-academico\/\",\"url\":\"https:\/\/mcspa.org\/es\/graduacion-de-la-guarderia-ave-maria-y-clausura-del-ano-academico\/\",\"name\":\"Graduaci\u00f3n de la guarder\u00eda Ave Maria y Clausura del A\u00f1o Acad\u00e9mico - Comunidad misionera de San Pablo Apostol - MCSPA\",\"isPartOf\":{\"@id\":\"https:\/\/mcspa.org\/#website\"},\"primaryImageOfPage\":{\"@id\":\"https:\/\/mcspa.org\/es\/graduacion-de-la-guarderia-ave-maria-y-clausura-del-ano-academico\/#primaryimage\"},\"image\":{\"@id\":\"https:\/\/mcspa.org\/es\/graduacion-de-la-guarderia-ave-maria-y-clausura-del-ano-academico\/#primaryimage\"},\"thumbnailUrl\":\"https:\/\/mcspa.org\/wp-content\/uploads\/2024\/12\/IMG-20241226-WA0010.jpg\",\"datePublished\":\"2024-12-26T13:29:56+00:00\",\"breadcrumb\":{\"@id\":\"https:\/\/mcspa.org\/es\/graduacion-de-la-guarderia-ave-maria-y-clausura-del-ano-academico\/#breadcrumb\"},\"inLanguage\":\"es\",\"potentialAction\":[{\"@type\":\"ReadAction\",\"target\":[\"https:\/\/mcspa.org\/es\/graduacion-de-la-guarderia-ave-maria-y-clausura-del-ano-academico\/\"]}]},{\"@type\":\"ImageObject\",\"inLanguage\":\"es\",\"@id\":\"https:\/\/mcspa.org\/es\/graduacion-de-la-guarderia-ave-maria-y-clausura-del-ano-academico\/#primaryimage\",\"url\":\"https:\/\/mcspa.org\/wp-content\/uploads\/2024\/12\/IMG-20241226-WA0010.jpg\",\"contentUrl\":\"https:\/\/mcspa.org\/wp-content\/uploads\/2024\/12\/IMG-20241226-WA0010.jpg\",\"width\":1280,\"height\":576},{\"@type\":\"BreadcrumbList\",\"@id\":\"https:\/\/mcspa.org\/es\/graduacion-de-la-guarderia-ave-maria-y-clausura-del-ano-academico\/#breadcrumb\",\"itemListElement\":[{\"@type\":\"ListItem\",\"position\":1,\"name\":\"Portada\",\"item\":\"https:\/\/mcspa.org\/es\/agency-homepage\/\"},{\"@type\":\"ListItem\",\"position\":2,\"name\":\"Graduaci\u00f3n de la guarder\u00eda Ave Maria y Clausura del A\u00f1o Acad\u00e9mico\"}]},{\"@type\":\"WebSite\",\"@id\":\"https:\/\/mcspa.org\/#website\",\"url\":\"https:\/\/mcspa.org\/\",\"name\":\"Comunidad misionera de San Pablo Apostol - MCSPA\",\"description\":\"\",\"publisher\":{\"@id\":\"https:\/\/mcspa.org\/#organization\"},\"potentialAction\":[{\"@type\":\"SearchAction\",\"target\":{\"@type\":\"EntryPoint\",\"urlTemplate\":\"https:\/\/mcspa.org\/?s={search_term_string}\"},\"query-input\":{\"@type\":\"PropertyValueSpecification\",\"valueRequired\":true,\"valueName\":\"search_term_string\"}}],\"inLanguage\":\"es\"},{\"@type\":\"Organization\",\"@id\":\"https:\/\/mcspa.org\/#organization\",\"name\":\"Missionary Community of St. Paul the Apostle - MCSPA\",\"url\":\"https:\/\/mcspa.org\/\",\"logo\":{\"@type\":\"ImageObject\",\"inLanguage\":\"es\",\"@id\":\"https:\/\/mcspa.org\/#\/schema\/logo\/image\/\",\"url\":\"https:\/\/mcspa.org\/wp-content\/uploads\/2022\/11\/MCSPA-logo-english.png\",\"contentUrl\":\"https:\/\/mcspa.org\/wp-content\/uploads\/2022\/11\/MCSPA-logo-english.png\",\"width\":3614,\"height\":1244,\"caption\":\"Missionary Community of St. Paul the Apostle - MCSPA\"},\"image\":{\"@id\":\"https:\/\/mcspa.org\/#\/schema\/logo\/image\/\"},\"sameAs\":[\"https:\/\/www.facebook.com\/mcspa\",\"https:\/\/x.com\/mcspa_org\",\"https:\/\/www.instagram.com\/mcspa_mmc\/\",\"https:\/\/www.youtube.com\/channel\/UC1df8SuPOPbFtMhlokt9gZQ\",\"https:\/\/www.youtube.com\/c\/MCSPA\"]},{\"@type\":\"Person\",\"@id\":\"https:\/\/mcspa.org\/#\/schema\/person\/2ade74bdb2743cb40b7b0093d9549b41\",\"name\":\"Tigist Mekonnen\",\"image\":{\"@type\":\"ImageObject\",\"inLanguage\":\"es\",\"@id\":\"https:\/\/secure.gravatar.com\/avatar\/c9bdf6de8a513947ed9b7fbbf15a2af72951bf7a9aba322502a0344d73668054?s=96&d=mm&r=g\",\"url\":\"https:\/\/secure.gravatar.com\/avatar\/c9bdf6de8a513947ed9b7fbbf15a2af72951bf7a9aba322502a0344d73668054?s=96&d=mm&r=g\",\"contentUrl\":\"https:\/\/secure.gravatar.com\/avatar\/c9bdf6de8a513947ed9b7fbbf15a2af72951bf7a9aba322502a0344d73668054?s=96&d=mm&r=g\",\"caption\":\"Tigist Mekonnen\"},\"url\":\"https:\/\/mcspa.org\/es\/author\/tigist\/\"}]}<\/script>\n<!-- \/ Yoast SEO plugin. -->","yoast_head_json":{"title":"Graduaci\u00f3n de la guarder\u00eda Ave Maria y Clausura del A\u00f1o Acad\u00e9mico - Comunidad misionera de San Pablo Apostol - MCSPA","robots":{"index":"index","follow":"follow","max-snippet":"max-snippet:-1","max-image-preview":"max-image-preview:large","max-video-preview":"max-video-preview:-1"},"canonical":"https:\/\/mcspa.org\/es\/graduacion-de-la-guarderia-ave-maria-y-clausura-del-ano-academico\/","og_locale":"es_ES","og_type":"article","og_title":"Graduaci\u00f3n de la guarder\u00eda Ave Maria y Clausura del A\u00f1o Acad\u00e9mico - Comunidad misionera de San Pablo Apostol - MCSPA","og_description":"Los ni\u00f1os de las guarder\u00edas Ave Mar\u00eda y Centenary Cross \u2013 dos de los tres guarder\u00edas que la MCSPA gestiona en Sud\u00e1n del Sur \u2013 tuvieron una maravillosa celebraci\u00f3n de fin de a\u00f1o. &nbsp; Los mas mayores de ambas escuelas cerraron el a\u00f1o con estilo y con una notable celebraci\u00f3n organizada por los padres y [&hellip;]","og_url":"https:\/\/mcspa.org\/es\/graduacion-de-la-guarderia-ave-maria-y-clausura-del-ano-academico\/","og_site_name":"Comunidad misionera de San Pablo Apostol - MCSPA","article_publisher":"https:\/\/www.facebook.com\/mcspa","article_published_time":"2024-12-26T13:29:56+00:00","og_image":[{"width":1280,"height":576,"url":"https:\/\/mcspa.org\/wp-content\/uploads\/2024\/12\/IMG-20241226-WA0010.jpg","type":"image\/jpeg"}],"author":"Tigist Mekonnen","twitter_card":"summary_large_image","twitter_creator":"@mcspa_org","twitter_site":"@mcspa_org","twitter_misc":{"Escrito por":"Tigist Mekonnen","Tiempo de lectura":"4 minutos"},"schema":{"@context":"https:\/\/schema.org","@graph":[{"@type":"Article","@id":"https:\/\/mcspa.org\/es\/graduacion-de-la-guarderia-ave-maria-y-clausura-del-ano-academico\/#article","isPartOf":{"@id":"https:\/\/mcspa.org\/es\/graduacion-de-la-guarderia-ave-maria-y-clausura-del-ano-academico\/"},"author":{"name":"Tigist Mekonnen","@id":"https:\/\/mcspa.org\/#\/schema\/person\/2ade74bdb2743cb40b7b0093d9549b41"},"headline":"Graduaci\u00f3n de la guarder\u00eda Ave Maria y Clausura del A\u00f1o Acad\u00e9mico","datePublished":"2024-12-26T13:29:56+00:00","mainEntityOfPage":{"@id":"https:\/\/mcspa.org\/es\/graduacion-de-la-guarderia-ave-maria-y-clausura-del-ano-academico\/"},"wordCount":398,"publisher":{"@id":"https:\/\/mcspa.org\/#organization"},"image":{"@id":"https:\/\/mcspa.org\/es\/graduacion-de-la-guarderia-ave-maria-y-clausura-del-ano-academico\/#primaryimage"},"thumbnailUrl":"https:\/\/mcspa.org\/wp-content\/uploads\/2024\/12\/IMG-20241226-WA0010.jpg","articleSection":["MCSPA"],"inLanguage":"es"},{"@type":"WebPage","@id":"https:\/\/mcspa.org\/es\/graduacion-de-la-guarderia-ave-maria-y-clausura-del-ano-academico\/","url":"https:\/\/mcspa.org\/es\/graduacion-de-la-guarderia-ave-maria-y-clausura-del-ano-academico\/","name":"Graduaci\u00f3n de la guarder\u00eda Ave Maria y Clausura del A\u00f1o Acad\u00e9mico - Comunidad misionera de San Pablo Apostol - MCSPA","isPartOf":{"@id":"https:\/\/mcspa.org\/#website"},"primaryImageOfPage":{"@id":"https:\/\/mcspa.org\/es\/graduacion-de-la-guarderia-ave-maria-y-clausura-del-ano-academico\/#primaryimage"},"image":{"@id":"https:\/\/mcspa.org\/es\/graduacion-de-la-guarderia-ave-maria-y-clausura-del-ano-academico\/#primaryimage"},"thumbnailUrl":"https:\/\/mcspa.org\/wp-content\/uploads\/2024\/12\/IMG-20241226-WA0010.jpg","datePublished":"2024-12-26T13:29:56+00:00","breadcrumb":{"@id":"https:\/\/mcspa.org\/es\/graduacion-de-la-guarderia-ave-maria-y-clausura-del-ano-academico\/#breadcrumb"},"inLanguage":"es","potentialAction":[{"@type":"ReadAction","target":["https:\/\/mcspa.org\/es\/graduacion-de-la-guarderia-ave-maria-y-clausura-del-ano-academico\/"]}]},{"@type":"ImageObject","inLanguage":"es","@id":"https:\/\/mcspa.org\/es\/graduacion-de-la-guarderia-ave-maria-y-clausura-del-ano-academico\/#primaryimage","url":"https:\/\/mcspa.org\/wp-content\/uploads\/2024\/12\/IMG-20241226-WA0010.jpg","contentUrl":"https:\/\/mcspa.org\/wp-content\/uploads\/2024\/12\/IMG-20241226-WA0010.jpg","width":1280,"height":576},{"@type":"BreadcrumbList","@id":"https:\/\/mcspa.org\/es\/graduacion-de-la-guarderia-ave-maria-y-clausura-del-ano-academico\/#breadcrumb","itemListElement":[{"@type":"ListItem","position":1,"name":"Portada","item":"https:\/\/mcspa.org\/es\/agency-homepage\/"},{"@type":"ListItem","position":2,"name":"Graduaci\u00f3n de la guarder\u00eda Ave Maria y Clausura del A\u00f1o Acad\u00e9mico"}]},{"@type":"WebSite","@id":"https:\/\/mcspa.org\/#website","url":"https:\/\/mcspa.org\/","name":"Comunidad misionera de San Pablo Apostol - MCSPA","description":"","publisher":{"@id":"https:\/\/mcspa.org\/#organization"},"potentialAction":[{"@type":"SearchAction","target":{"@type":"EntryPoint","urlTemplate":"https:\/\/mcspa.org\/?s={search_term_string}"},"query-input":{"@type":"PropertyValueSpecification","valueRequired":true,"valueName":"search_term_string"}}],"inLanguage":"es"},{"@type":"Organization","@id":"https:\/\/mcspa.org\/#organization","name":"Missionary Community of St. Paul the Apostle - MCSPA","url":"https:\/\/mcspa.org\/","logo":{"@type":"ImageObject","inLanguage":"es","@id":"https:\/\/mcspa.org\/#\/schema\/logo\/image\/","url":"https:\/\/mcspa.org\/wp-content\/uploads\/2022\/11\/MCSPA-logo-english.png","contentUrl":"https:\/\/mcspa.org\/wp-content\/uploads\/2022\/11\/MCSPA-logo-english.png","width":3614,"height":1244,"caption":"Missionary Community of St. Paul the Apostle - MCSPA"},"image":{"@id":"https:\/\/mcspa.org\/#\/schema\/logo\/image\/"},"sameAs":["https:\/\/www.facebook.com\/mcspa","https:\/\/x.com\/mcspa_org","https:\/\/www.instagram.com\/mcspa_mmc\/","https:\/\/www.youtube.com\/channel\/UC1df8SuPOPbFtMhlokt9gZQ","https:\/\/www.youtube.com\/c\/MCSPA"]},{"@type":"Person","@id":"https:\/\/mcspa.org\/#\/schema\/person\/2ade74bdb2743cb40b7b0093d9549b41","name":"Tigist Mekonnen","image":{"@type":"ImageObject","inLanguage":"es","@id":"https:\/\/secure.gravatar.com\/avatar\/c9bdf6de8a513947ed9b7fbbf15a2af72951bf7a9aba322502a0344d73668054?s=96&d=mm&r=g","url":"https:\/\/secure.gravatar.com\/avatar\/c9bdf6de8a513947ed9b7fbbf15a2af72951bf7a9aba322502a0344d73668054?s=96&d=mm&r=g","contentUrl":"https:\/\/secure.gravatar.com\/avatar\/c9bdf6de8a513947ed9b7fbbf15a2af72951bf7a9aba322502a0344d73668054?s=96&d=mm&r=g","caption":"Tigist Mekonnen"},"url":"https:\/\/mcspa.org\/es\/author\/tigist\/"}]}},"_links":{"self":[{"href":"https:\/\/mcspa.org\/es\/wp-json\/wp\/v2\/posts\/9477","targetHints":{"allow":["GET"]}}],"collection":[{"href":"https:\/\/mcspa.org\/es\/wp-json\/wp\/v2\/posts"}],"about":[{"href":"https:\/\/mcspa.org\/es\/wp-json\/wp\/v2\/types\/post"}],"author":[{"embeddable":true,"href":"https:\/\/mcspa.org\/es\/wp-json\/wp\/v2\/users\/12"}],"replies":[{"embeddable":true,"href":"https:\/\/mcspa.org\/es\/wp-json\/wp\/v2\/comments?post=9477"}],"version-history":[{"count":1,"href":"https:\/\/mcspa.org\/es\/wp-json\/wp\/v2\/posts\/9477\/revisions"}],"predecessor-version":[{"id":9478,"href":"https:\/\/mcspa.org\/es\/wp-json\/wp\/v2\/posts\/9477\/revisions\/9478"}],"wp:featuredmedia":[{"embeddable":true,"href":"https:\/\/mcspa.org\/es\/wp-json\/wp\/v2\/media\/9474"}],"wp:attachment":[{"href":"https:\/\/mcspa.org\/es\/wp-json\/wp\/v2\/media?parent=9477"}],"wp:term":[{"taxonomy":"category","embeddable":true,"href":"https:\/\/mcspa.org\/es\/wp-json\/wp\/v2\/categories?post=9477"},{"taxonomy":"post_tag","embeddable":true,"href":"https:\/\/mcspa.org\/es\/wp-json\/wp\/v2\/tags?post=9477"}],"curies":[{"name":"wp","href":"https:\/\/api.w.org\/{rel}","templated":true}]}}