{"id":9000,"date":"2024-05-17T16:57:32","date_gmt":"2024-05-17T13:57:32","guid":{"rendered":"https:\/\/mcspa.org\/?p=9000"},"modified":"2024-05-17T16:58:53","modified_gmt":"2024-05-17T13:58:53","slug":"rosario-por-la-paz","status":"publish","type":"post","link":"https:\/\/mcspa.org\/es\/rosario-por-la-paz\/","title":{"rendered":"Rosario por la paz"},"content":{"rendered":"<p>En la Misi\u00f3n de Ave Mar\u00eda hemos empezado a rezar el rosario por la paz. Por este periodo de inseguridad y por ser el mes de Mayo, el mes de Mar\u00eda, estamos recitando cada d\u00eda el rosario y haciendo una procesi\u00f3n con la intenci\u00f3n de que la paz prevalezca en la zona.<\/p>\n<p>Queridos amigos, queremos invitaros a todos a uniros a nuestra particular forma de enfrentar la violencia con la oraci\u00f3n del Rosario. Qu\u00e9 la Virgen Mar\u00eda escuche nuestras plegarias!<\/p>\n<p>&nbsp;<\/p>\n<p>Por Lilian Omari, MCSPA<br \/>\nMisi\u00f3n de Ave Mar\u00eda,<br \/>\nSud\u00e1n del Sur<\/p>\n<p>&nbsp;<\/p>\n<p><img loading=\"lazy\" decoding=\"async\" class=\"alignnone size-medium wp-image-8981\" src=\"https:\/\/mcspa.org\/wp-content\/uploads\/2024\/05\/IMG-20240517-WA0004-300x135.jpg\" alt=\"\" width=\"300\" height=\"135\" srcset=\"https:\/\/mcspa.org\/wp-content\/uploads\/2024\/05\/IMG-20240517-WA0004-300x135.jpg 300w, https:\/\/mcspa.org\/wp-content\/uploads\/2024\/05\/IMG-20240517-WA0004-1024x461.jpg 1024w, https:\/\/mcspa.org\/wp-content\/uploads\/2024\/05\/IMG-20240517-WA0004-768x346.jpg 768w, https:\/\/mcspa.org\/wp-content\/uploads\/2024\/05\/IMG-20240517-WA0004.jpg 1280w\" sizes=\"auto, (max-width: 300px) 100vw, 300px\" \/><img loading=\"lazy\" decoding=\"async\" class=\"alignnone size-medium wp-image-8979\" src=\"https:\/\/mcspa.org\/wp-content\/uploads\/2024\/05\/IMG-20240517-WA0003-300x135.jpg\" alt=\"\" width=\"300\" height=\"135\" srcset=\"https:\/\/mcspa.org\/wp-content\/uploads\/2024\/05\/IMG-20240517-WA0003-300x135.jpg 300w, https:\/\/mcspa.org\/wp-content\/uploads\/2024\/05\/IMG-20240517-WA0003-1024x461.jpg 1024w, https:\/\/mcspa.org\/wp-content\/uploads\/2024\/05\/IMG-20240517-WA0003-768x346.jpg 768w, https:\/\/mcspa.org\/wp-content\/uploads\/2024\/05\/IMG-20240517-WA0003.jpg 1280w\" sizes=\"auto, (max-width: 300px) 100vw, 300px\" \/><img loading=\"lazy\" decoding=\"async\" class=\"alignnone size-medium wp-image-8983\" src=\"https:\/\/mcspa.org\/wp-content\/uploads\/2024\/05\/IMG-20240517-WA0012-300x135.jpg\" alt=\"\" width=\"300\" height=\"135\" srcset=\"https:\/\/mcspa.org\/wp-content\/uploads\/2024\/05\/IMG-20240517-WA0012-300x135.jpg 300w, https:\/\/mcspa.org\/wp-content\/uploads\/2024\/05\/IMG-20240517-WA0012-1024x461.jpg 1024w, https:\/\/mcspa.org\/wp-content\/uploads\/2024\/05\/IMG-20240517-WA0012-768x346.jpg 768w, https:\/\/mcspa.org\/wp-content\/uploads\/2024\/05\/IMG-20240517-WA0012.jpg 1280w\" sizes=\"auto, (max-width: 300px) 100vw, 300px\" \/><\/p>\n","protected":false},"excerpt":{"rendered":"<p>En la Misi\u00f3n de Ave Mar\u00eda hemos empezado a rezar el rosario por la paz. Por este periodo de inseguridad y por ser el mes de Mayo, el mes de Mar\u00eda, estamos recitando cada d\u00eda el rosario y haciendo una procesi\u00f3n con la intenci\u00f3n de que la paz prevalezca en la zona. Queridos amigos, queremos [&hellip;]<\/p>\n","protected":false},"author":12,"featured_media":8983,"comment_status":"closed","ping_status":"open","sticky":false,"template":"","format":"standard","meta":{"footnotes":""},"categories":[82,2],"tags":[],"class_list":["post-9000","post","type-post","status-publish","format-standard","has-post-thumbnail","hentry","category-mcspa-es","category-uncategorized"],"yoast_head":"<!-- This site is optimized with the Yoast SEO plugin v27.2 - https:\/\/yoast.com\/product\/yoast-seo-wordpress\/ -->\n<title>Rosario por la paz - Comunidad misionera de San Pablo Apostol - MCSPA<\/title>\n<meta name=\"robots\" content=\"index, follow, max-snippet:-1, max-image-preview:large, max-video-preview:-1\" \/>\n<link rel=\"canonical\" href=\"https:\/\/mcspa.org\/es\/rosario-por-la-paz\/\" \/>\n<meta property=\"og:locale\" content=\"es_ES\" \/>\n<meta property=\"og:type\" content=\"article\" \/>\n<meta property=\"og:title\" content=\"Rosario por la paz - Comunidad misionera de San Pablo Apostol - MCSPA\" \/>\n<meta property=\"og:description\" content=\"En la Misi\u00f3n de Ave Mar\u00eda hemos empezado a rezar el rosario por la paz. Por este periodo de inseguridad y por ser el mes de Mayo, el mes de Mar\u00eda, estamos recitando cada d\u00eda el rosario y haciendo una procesi\u00f3n con la intenci\u00f3n de que la paz prevalezca en la zona. Queridos amigos, queremos [&hellip;]\" \/>\n<meta property=\"og:url\" content=\"https:\/\/mcspa.org\/es\/rosario-por-la-paz\/\" \/>\n<meta property=\"og:site_name\" content=\"Comunidad misionera de San Pablo Apostol - MCSPA\" \/>\n<meta property=\"article:publisher\" content=\"https:\/\/www.facebook.com\/mcspa\" \/>\n<meta property=\"article:published_time\" content=\"2024-05-17T13:57:32+00:00\" \/>\n<meta property=\"article:modified_time\" content=\"2024-05-17T13:58:53+00:00\" \/>\n<meta property=\"og:image\" content=\"https:\/\/mcspa.org\/wp-content\/uploads\/2024\/05\/IMG-20240517-WA0012.jpg\" \/>\n\t<meta property=\"og:image:width\" content=\"1280\" \/>\n\t<meta property=\"og:image:height\" content=\"576\" \/>\n\t<meta property=\"og:image:type\" content=\"image\/jpeg\" \/>\n<meta name=\"author\" content=\"Tigist Mekonnen\" \/>\n<meta name=\"twitter:card\" content=\"summary_large_image\" \/>\n<meta name=\"twitter:creator\" content=\"@mcspa_org\" \/>\n<meta name=\"twitter:site\" content=\"@mcspa_org\" \/>\n<meta name=\"twitter:label1\" content=\"Escrito por\" \/>\n\t<meta name=\"twitter:data1\" content=\"Tigist Mekonnen\" \/>\n\t<meta name=\"twitter:label2\" content=\"Tiempo de lectura\" \/>\n\t<meta name=\"twitter:data2\" content=\"1 minuto\" \/>\n<script type=\"application\/ld+json\" class=\"yoast-schema-graph\">{\"@context\":\"https:\/\/schema.org\",\"@graph\":[{\"@type\":\"Article\",\"@id\":\"https:\/\/mcspa.org\/es\/rosario-por-la-paz\/#article\",\"isPartOf\":{\"@id\":\"https:\/\/mcspa.org\/es\/rosario-por-la-paz\/\"},\"author\":{\"name\":\"Tigist Mekonnen\",\"@id\":\"https:\/\/mcspa.org\/#\/schema\/person\/2ade74bdb2743cb40b7b0093d9549b41\"},\"headline\":\"Rosario por la paz\",\"datePublished\":\"2024-05-17T13:57:32+00:00\",\"dateModified\":\"2024-05-17T13:58:53+00:00\",\"mainEntityOfPage\":{\"@id\":\"https:\/\/mcspa.org\/es\/rosario-por-la-paz\/\"},\"wordCount\":108,\"publisher\":{\"@id\":\"https:\/\/mcspa.org\/#organization\"},\"image\":{\"@id\":\"https:\/\/mcspa.org\/es\/rosario-por-la-paz\/#primaryimage\"},\"thumbnailUrl\":\"https:\/\/mcspa.org\/wp-content\/uploads\/2024\/05\/IMG-20240517-WA0012.jpg\",\"articleSection\":[\"MCSPA\",\"Uncategorized\"],\"inLanguage\":\"es\"},{\"@type\":\"WebPage\",\"@id\":\"https:\/\/mcspa.org\/es\/rosario-por-la-paz\/\",\"url\":\"https:\/\/mcspa.org\/es\/rosario-por-la-paz\/\",\"name\":\"Rosario por la paz - Comunidad misionera de San Pablo Apostol - MCSPA\",\"isPartOf\":{\"@id\":\"https:\/\/mcspa.org\/#website\"},\"primaryImageOfPage\":{\"@id\":\"https:\/\/mcspa.org\/es\/rosario-por-la-paz\/#primaryimage\"},\"image\":{\"@id\":\"https:\/\/mcspa.org\/es\/rosario-por-la-paz\/#primaryimage\"},\"thumbnailUrl\":\"https:\/\/mcspa.org\/wp-content\/uploads\/2024\/05\/IMG-20240517-WA0012.jpg\",\"datePublished\":\"2024-05-17T13:57:32+00:00\",\"dateModified\":\"2024-05-17T13:58:53+00:00\",\"breadcrumb\":{\"@id\":\"https:\/\/mcspa.org\/es\/rosario-por-la-paz\/#breadcrumb\"},\"inLanguage\":\"es\",\"potentialAction\":[{\"@type\":\"ReadAction\",\"target\":[\"https:\/\/mcspa.org\/es\/rosario-por-la-paz\/\"]}]},{\"@type\":\"ImageObject\",\"inLanguage\":\"es\",\"@id\":\"https:\/\/mcspa.org\/es\/rosario-por-la-paz\/#primaryimage\",\"url\":\"https:\/\/mcspa.org\/wp-content\/uploads\/2024\/05\/IMG-20240517-WA0012.jpg\",\"contentUrl\":\"https:\/\/mcspa.org\/wp-content\/uploads\/2024\/05\/IMG-20240517-WA0012.jpg\",\"width\":1280,\"height\":576},{\"@type\":\"BreadcrumbList\",\"@id\":\"https:\/\/mcspa.org\/es\/rosario-por-la-paz\/#breadcrumb\",\"itemListElement\":[{\"@type\":\"ListItem\",\"position\":1,\"name\":\"Portada\",\"item\":\"https:\/\/mcspa.org\/es\/agency-homepage\/\"},{\"@type\":\"ListItem\",\"position\":2,\"name\":\"Rosario por la paz\"}]},{\"@type\":\"WebSite\",\"@id\":\"https:\/\/mcspa.org\/#website\",\"url\":\"https:\/\/mcspa.org\/\",\"name\":\"Comunidad misionera de San Pablo Apostol - MCSPA\",\"description\":\"\",\"publisher\":{\"@id\":\"https:\/\/mcspa.org\/#organization\"},\"potentialAction\":[{\"@type\":\"SearchAction\",\"target\":{\"@type\":\"EntryPoint\",\"urlTemplate\":\"https:\/\/mcspa.org\/?s={search_term_string}\"},\"query-input\":{\"@type\":\"PropertyValueSpecification\",\"valueRequired\":true,\"valueName\":\"search_term_string\"}}],\"inLanguage\":\"es\"},{\"@type\":\"Organization\",\"@id\":\"https:\/\/mcspa.org\/#organization\",\"name\":\"Missionary Community of St. Paul the Apostle - MCSPA\",\"url\":\"https:\/\/mcspa.org\/\",\"logo\":{\"@type\":\"ImageObject\",\"inLanguage\":\"es\",\"@id\":\"https:\/\/mcspa.org\/#\/schema\/logo\/image\/\",\"url\":\"https:\/\/mcspa.org\/wp-content\/uploads\/2022\/11\/MCSPA-logo-english.png\",\"contentUrl\":\"https:\/\/mcspa.org\/wp-content\/uploads\/2022\/11\/MCSPA-logo-english.png\",\"width\":3614,\"height\":1244,\"caption\":\"Missionary Community of St. Paul the Apostle - MCSPA\"},\"image\":{\"@id\":\"https:\/\/mcspa.org\/#\/schema\/logo\/image\/\"},\"sameAs\":[\"https:\/\/www.facebook.com\/mcspa\",\"https:\/\/x.com\/mcspa_org\",\"https:\/\/www.instagram.com\/mcspa_mmc\/\",\"https:\/\/www.youtube.com\/channel\/UC1df8SuPOPbFtMhlokt9gZQ\",\"https:\/\/www.youtube.com\/c\/MCSPA\"]},{\"@type\":\"Person\",\"@id\":\"https:\/\/mcspa.org\/#\/schema\/person\/2ade74bdb2743cb40b7b0093d9549b41\",\"name\":\"Tigist Mekonnen\",\"image\":{\"@type\":\"ImageObject\",\"inLanguage\":\"es\",\"@id\":\"https:\/\/secure.gravatar.com\/avatar\/c9bdf6de8a513947ed9b7fbbf15a2af72951bf7a9aba322502a0344d73668054?s=96&d=mm&r=g\",\"url\":\"https:\/\/secure.gravatar.com\/avatar\/c9bdf6de8a513947ed9b7fbbf15a2af72951bf7a9aba322502a0344d73668054?s=96&d=mm&r=g\",\"contentUrl\":\"https:\/\/secure.gravatar.com\/avatar\/c9bdf6de8a513947ed9b7fbbf15a2af72951bf7a9aba322502a0344d73668054?s=96&d=mm&r=g\",\"caption\":\"Tigist Mekonnen\"},\"url\":\"https:\/\/mcspa.org\/es\/author\/tigist\/\"}]}<\/script>\n<!-- \/ Yoast SEO plugin. -->","yoast_head_json":{"title":"Rosario por la paz - Comunidad misionera de San Pablo Apostol - MCSPA","robots":{"index":"index","follow":"follow","max-snippet":"max-snippet:-1","max-image-preview":"max-image-preview:large","max-video-preview":"max-video-preview:-1"},"canonical":"https:\/\/mcspa.org\/es\/rosario-por-la-paz\/","og_locale":"es_ES","og_type":"article","og_title":"Rosario por la paz - Comunidad misionera de San Pablo Apostol - MCSPA","og_description":"En la Misi\u00f3n de Ave Mar\u00eda hemos empezado a rezar el rosario por la paz. Por este periodo de inseguridad y por ser el mes de Mayo, el mes de Mar\u00eda, estamos recitando cada d\u00eda el rosario y haciendo una procesi\u00f3n con la intenci\u00f3n de que la paz prevalezca en la zona. Queridos amigos, queremos [&hellip;]","og_url":"https:\/\/mcspa.org\/es\/rosario-por-la-paz\/","og_site_name":"Comunidad misionera de San Pablo Apostol - MCSPA","article_publisher":"https:\/\/www.facebook.com\/mcspa","article_published_time":"2024-05-17T13:57:32+00:00","article_modified_time":"2024-05-17T13:58:53+00:00","og_image":[{"width":1280,"height":576,"url":"https:\/\/mcspa.org\/wp-content\/uploads\/2024\/05\/IMG-20240517-WA0012.jpg","type":"image\/jpeg"}],"author":"Tigist Mekonnen","twitter_card":"summary_large_image","twitter_creator":"@mcspa_org","twitter_site":"@mcspa_org","twitter_misc":{"Escrito por":"Tigist Mekonnen","Tiempo de lectura":"1 minuto"},"schema":{"@context":"https:\/\/schema.org","@graph":[{"@type":"Article","@id":"https:\/\/mcspa.org\/es\/rosario-por-la-paz\/#article","isPartOf":{"@id":"https:\/\/mcspa.org\/es\/rosario-por-la-paz\/"},"author":{"name":"Tigist Mekonnen","@id":"https:\/\/mcspa.org\/#\/schema\/person\/2ade74bdb2743cb40b7b0093d9549b41"},"headline":"Rosario por la paz","datePublished":"2024-05-17T13:57:32+00:00","dateModified":"2024-05-17T13:58:53+00:00","mainEntityOfPage":{"@id":"https:\/\/mcspa.org\/es\/rosario-por-la-paz\/"},"wordCount":108,"publisher":{"@id":"https:\/\/mcspa.org\/#organization"},"image":{"@id":"https:\/\/mcspa.org\/es\/rosario-por-la-paz\/#primaryimage"},"thumbnailUrl":"https:\/\/mcspa.org\/wp-content\/uploads\/2024\/05\/IMG-20240517-WA0012.jpg","articleSection":["MCSPA","Uncategorized"],"inLanguage":"es"},{"@type":"WebPage","@id":"https:\/\/mcspa.org\/es\/rosario-por-la-paz\/","url":"https:\/\/mcspa.org\/es\/rosario-por-la-paz\/","name":"Rosario por la paz - Comunidad misionera de San Pablo Apostol - MCSPA","isPartOf":{"@id":"https:\/\/mcspa.org\/#website"},"primaryImageOfPage":{"@id":"https:\/\/mcspa.org\/es\/rosario-por-la-paz\/#primaryimage"},"image":{"@id":"https:\/\/mcspa.org\/es\/rosario-por-la-paz\/#primaryimage"},"thumbnailUrl":"https:\/\/mcspa.org\/wp-content\/uploads\/2024\/05\/IMG-20240517-WA0012.jpg","datePublished":"2024-05-17T13:57:32+00:00","dateModified":"2024-05-17T13:58:53+00:00","breadcrumb":{"@id":"https:\/\/mcspa.org\/es\/rosario-por-la-paz\/#breadcrumb"},"inLanguage":"es","potentialAction":[{"@type":"ReadAction","target":["https:\/\/mcspa.org\/es\/rosario-por-la-paz\/"]}]},{"@type":"ImageObject","inLanguage":"es","@id":"https:\/\/mcspa.org\/es\/rosario-por-la-paz\/#primaryimage","url":"https:\/\/mcspa.org\/wp-content\/uploads\/2024\/05\/IMG-20240517-WA0012.jpg","contentUrl":"https:\/\/mcspa.org\/wp-content\/uploads\/2024\/05\/IMG-20240517-WA0012.jpg","width":1280,"height":576},{"@type":"BreadcrumbList","@id":"https:\/\/mcspa.org\/es\/rosario-por-la-paz\/#breadcrumb","itemListElement":[{"@type":"ListItem","position":1,"name":"Portada","item":"https:\/\/mcspa.org\/es\/agency-homepage\/"},{"@type":"ListItem","position":2,"name":"Rosario por la paz"}]},{"@type":"WebSite","@id":"https:\/\/mcspa.org\/#website","url":"https:\/\/mcspa.org\/","name":"Comunidad misionera de San Pablo Apostol - MCSPA","description":"","publisher":{"@id":"https:\/\/mcspa.org\/#organization"},"potentialAction":[{"@type":"SearchAction","target":{"@type":"EntryPoint","urlTemplate":"https:\/\/mcspa.org\/?s={search_term_string}"},"query-input":{"@type":"PropertyValueSpecification","valueRequired":true,"valueName":"search_term_string"}}],"inLanguage":"es"},{"@type":"Organization","@id":"https:\/\/mcspa.org\/#organization","name":"Missionary Community of St. Paul the Apostle - MCSPA","url":"https:\/\/mcspa.org\/","logo":{"@type":"ImageObject","inLanguage":"es","@id":"https:\/\/mcspa.org\/#\/schema\/logo\/image\/","url":"https:\/\/mcspa.org\/wp-content\/uploads\/2022\/11\/MCSPA-logo-english.png","contentUrl":"https:\/\/mcspa.org\/wp-content\/uploads\/2022\/11\/MCSPA-logo-english.png","width":3614,"height":1244,"caption":"Missionary Community of St. Paul the Apostle - MCSPA"},"image":{"@id":"https:\/\/mcspa.org\/#\/schema\/logo\/image\/"},"sameAs":["https:\/\/www.facebook.com\/mcspa","https:\/\/x.com\/mcspa_org","https:\/\/www.instagram.com\/mcspa_mmc\/","https:\/\/www.youtube.com\/channel\/UC1df8SuPOPbFtMhlokt9gZQ","https:\/\/www.youtube.com\/c\/MCSPA"]},{"@type":"Person","@id":"https:\/\/mcspa.org\/#\/schema\/person\/2ade74bdb2743cb40b7b0093d9549b41","name":"Tigist Mekonnen","image":{"@type":"ImageObject","inLanguage":"es","@id":"https:\/\/secure.gravatar.com\/avatar\/c9bdf6de8a513947ed9b7fbbf15a2af72951bf7a9aba322502a0344d73668054?s=96&d=mm&r=g","url":"https:\/\/secure.gravatar.com\/avatar\/c9bdf6de8a513947ed9b7fbbf15a2af72951bf7a9aba322502a0344d73668054?s=96&d=mm&r=g","contentUrl":"https:\/\/secure.gravatar.com\/avatar\/c9bdf6de8a513947ed9b7fbbf15a2af72951bf7a9aba322502a0344d73668054?s=96&d=mm&r=g","caption":"Tigist Mekonnen"},"url":"https:\/\/mcspa.org\/es\/author\/tigist\/"}]}},"_links":{"self":[{"href":"https:\/\/mcspa.org\/es\/wp-json\/wp\/v2\/posts\/9000","targetHints":{"allow":["GET"]}}],"collection":[{"href":"https:\/\/mcspa.org\/es\/wp-json\/wp\/v2\/posts"}],"about":[{"href":"https:\/\/mcspa.org\/es\/wp-json\/wp\/v2\/types\/post"}],"author":[{"embeddable":true,"href":"https:\/\/mcspa.org\/es\/wp-json\/wp\/v2\/users\/12"}],"replies":[{"embeddable":true,"href":"https:\/\/mcspa.org\/es\/wp-json\/wp\/v2\/comments?post=9000"}],"version-history":[{"count":1,"href":"https:\/\/mcspa.org\/es\/wp-json\/wp\/v2\/posts\/9000\/revisions"}],"predecessor-version":[{"id":9001,"href":"https:\/\/mcspa.org\/es\/wp-json\/wp\/v2\/posts\/9000\/revisions\/9001"}],"wp:featuredmedia":[{"embeddable":true,"href":"https:\/\/mcspa.org\/es\/wp-json\/wp\/v2\/media\/8983"}],"wp:attachment":[{"href":"https:\/\/mcspa.org\/es\/wp-json\/wp\/v2\/media?parent=9000"}],"wp:term":[{"taxonomy":"category","embeddable":true,"href":"https:\/\/mcspa.org\/es\/wp-json\/wp\/v2\/categories?post=9000"},{"taxonomy":"post_tag","embeddable":true,"href":"https:\/\/mcspa.org\/es\/wp-json\/wp\/v2\/tags?post=9000"}],"curies":[{"name":"wp","href":"https:\/\/api.w.org\/{rel}","templated":true}]}}