{"id":8551,"date":"2024-02-22T16:48:14","date_gmt":"2024-02-22T13:48:14","guid":{"rendered":"https:\/\/mcspa.org\/?p=8551"},"modified":"2024-02-22T16:48:14","modified_gmt":"2024-02-22T13:48:14","slug":"celebracion-de-la-vida-de-paco-casa-de-san-pedro-claver-bogota-colombia","status":"publish","type":"post","link":"https:\/\/mcspa.org\/es\/celebracion-de-la-vida-de-paco-casa-de-san-pedro-claver-bogota-colombia\/","title":{"rendered":"Celebraci\u00f3n de la vida de Paco: Casa de San Pedro Claver Bogot\u00e1, Colombia."},"content":{"rendered":"<p>Este d\u00eda, 15 de febrero de 2024, marca el und\u00e9cimo aniversario desde que nuestro fundador Paco nos dej\u00f3 y se reuni\u00f3 con el Se\u00f1or. Damos gracias a Dios por una vida bien vivida con nosotros, en la que fund\u00f3 nuestra Comunidad Misionera de San Pablo Ap\u00f3stol y Mar\u00eda Madre de la Iglesia y nos hizo quienes somos hoy. Fue un verdadero pastor, muy sensible ante el dolor de la gente especialmente de aquellos que m\u00e1s necesitan.<\/p>\n<p>Paco estaba muy preocupado por el medio ambiente y siempre apoy\u00f3 y promovi\u00f3 la agricultura. Por este motivo trabaj\u00f3 mucho para producir alimentos en la tierra, especialmente en tierras \u00e1ridas como las de Turkana en Kenia.<\/p>\n<p>Paco nos dej\u00f3 este esp\u00edritu e ilusi\u00f3n de convertir este mundo en un jard\u00edn y estamos felices de continuar esta labor. Aqu\u00ed en Bogot\u00e1, Colombia, en nuestra casa de San Pedro Claver, nuestra celebraci\u00f3n ha consistido en la retransmisi\u00f3n de una misa celebrada por el Padre Avelino junto con otros miembros y aprendices de la misi\u00f3n de Ave Maria en Sud\u00e1n del Sur.<\/p>\n<p>Seguimos despu\u00e9s con la bendici\u00f3n y la plantaci\u00f3n de semillas en memoria de nuestro fundador. Y para se\u00f1alar adecuadamente este momento tan relevante, hemos plantado fresas y especias, teniendo en cuenta las condiciones y limitaciones que tenemos al vivir en una ciudad.<\/p>\n<p>Sigamos plantando \u00e1rboles que den frutos por todo el mundo!!!<\/p>\n<p>Por Fridah Ejore,<br \/>\nAprendiz<br \/>\nBogot\u00e1-Colombia<\/p>\n<p>&nbsp;<\/p>\n<p>&nbsp;<\/p>\n<p><img loading=\"lazy\" decoding=\"async\" class=\"alignnone size-medium wp-image-8558\" src=\"https:\/\/mcspa.org\/wp-content\/uploads\/2024\/02\/IMG20240214104459-225x300.jpg\" alt=\"\" width=\"225\" height=\"300\" srcset=\"https:\/\/mcspa.org\/wp-content\/uploads\/2024\/02\/IMG20240214104459-225x300.jpg 225w, https:\/\/mcspa.org\/wp-content\/uploads\/2024\/02\/IMG20240214104459-768x1024.jpg 768w, https:\/\/mcspa.org\/wp-content\/uploads\/2024\/02\/IMG20240214104459-1152x1536.jpg 1152w, https:\/\/mcspa.org\/wp-content\/uploads\/2024\/02\/IMG20240214104459-1536x2048.jpg 1536w, https:\/\/mcspa.org\/wp-content\/uploads\/2024\/02\/IMG20240214104459-scaled.jpg 1920w\" sizes=\"auto, (max-width: 225px) 100vw, 225px\" \/><img loading=\"lazy\" decoding=\"async\" class=\"alignnone size-medium wp-image-8554\" src=\"https:\/\/mcspa.org\/wp-content\/uploads\/2024\/02\/1708021437220-2-300x225.jpg\" alt=\"\" width=\"300\" height=\"225\" srcset=\"https:\/\/mcspa.org\/wp-content\/uploads\/2024\/02\/1708021437220-2-300x225.jpg 300w, https:\/\/mcspa.org\/wp-content\/uploads\/2024\/02\/1708021437220-2-1024x768.jpg 1024w, https:\/\/mcspa.org\/wp-content\/uploads\/2024\/02\/1708021437220-2-768x576.jpg 768w, https:\/\/mcspa.org\/wp-content\/uploads\/2024\/02\/1708021437220-2-1536x1152.jpg 1536w, https:\/\/mcspa.org\/wp-content\/uploads\/2024\/02\/1708021437220-2-2048x1536.jpg 2048w\" sizes=\"auto, (max-width: 300px) 100vw, 300px\" \/><img loading=\"lazy\" decoding=\"async\" class=\"alignnone size-medium wp-image-8556\" src=\"https:\/\/mcspa.org\/wp-content\/uploads\/2024\/02\/IMG20240214104533-225x300.jpg\" alt=\"\" width=\"225\" height=\"300\" srcset=\"https:\/\/mcspa.org\/wp-content\/uploads\/2024\/02\/IMG20240214104533-225x300.jpg 225w, https:\/\/mcspa.org\/wp-content\/uploads\/2024\/02\/IMG20240214104533-768x1024.jpg 768w, https:\/\/mcspa.org\/wp-content\/uploads\/2024\/02\/IMG20240214104533-1152x1536.jpg 1152w, https:\/\/mcspa.org\/wp-content\/uploads\/2024\/02\/IMG20240214104533-1536x2048.jpg 1536w, https:\/\/mcspa.org\/wp-content\/uploads\/2024\/02\/IMG20240214104533-scaled.jpg 1920w\" sizes=\"auto, (max-width: 225px) 100vw, 225px\" \/><\/p>\n","protected":false},"excerpt":{"rendered":"<p>Este d\u00eda, 15 de febrero de 2024, marca el und\u00e9cimo aniversario desde que nuestro fundador Paco nos dej\u00f3 y se reuni\u00f3 con el Se\u00f1or. Damos gracias a Dios por una vida bien vivida con nosotros, en la que fund\u00f3 nuestra Comunidad Misionera de San Pablo Ap\u00f3stol y Mar\u00eda Madre de la Iglesia y nos hizo [&hellip;]<\/p>\n","protected":false},"author":12,"featured_media":8558,"comment_status":"closed","ping_status":"open","sticky":false,"template":"","format":"standard","meta":{"footnotes":""},"categories":[82],"tags":[],"class_list":["post-8551","post","type-post","status-publish","format-standard","has-post-thumbnail","hentry","category-mcspa-es"],"yoast_head":"<!-- This site is optimized with the Yoast SEO plugin v27.2 - https:\/\/yoast.com\/product\/yoast-seo-wordpress\/ -->\n<title>Celebraci\u00f3n de la vida de Paco: Casa de San Pedro Claver Bogot\u00e1, Colombia. - Comunidad misionera de San Pablo Apostol - MCSPA<\/title>\n<meta name=\"robots\" content=\"index, follow, max-snippet:-1, max-image-preview:large, max-video-preview:-1\" \/>\n<link rel=\"canonical\" href=\"https:\/\/mcspa.org\/es\/celebracion-de-la-vida-de-paco-casa-de-san-pedro-claver-bogota-colombia\/\" \/>\n<meta property=\"og:locale\" content=\"es_ES\" \/>\n<meta property=\"og:type\" content=\"article\" \/>\n<meta property=\"og:title\" content=\"Celebraci\u00f3n de la vida de Paco: Casa de San Pedro Claver Bogot\u00e1, Colombia. - Comunidad misionera de San Pablo Apostol - MCSPA\" \/>\n<meta property=\"og:description\" content=\"Este d\u00eda, 15 de febrero de 2024, marca el und\u00e9cimo aniversario desde que nuestro fundador Paco nos dej\u00f3 y se reuni\u00f3 con el Se\u00f1or. Damos gracias a Dios por una vida bien vivida con nosotros, en la que fund\u00f3 nuestra Comunidad Misionera de San Pablo Ap\u00f3stol y Mar\u00eda Madre de la Iglesia y nos hizo [&hellip;]\" \/>\n<meta property=\"og:url\" content=\"https:\/\/mcspa.org\/es\/celebracion-de-la-vida-de-paco-casa-de-san-pedro-claver-bogota-colombia\/\" \/>\n<meta property=\"og:site_name\" content=\"Comunidad misionera de San Pablo Apostol - MCSPA\" \/>\n<meta property=\"article:publisher\" content=\"https:\/\/www.facebook.com\/mcspa\" \/>\n<meta property=\"article:published_time\" content=\"2024-02-22T13:48:14+00:00\" \/>\n<meta property=\"og:image\" content=\"https:\/\/mcspa.org\/wp-content\/uploads\/2024\/02\/IMG20240214104459-scaled.jpg\" \/>\n\t<meta property=\"og:image:width\" content=\"1920\" \/>\n\t<meta property=\"og:image:height\" content=\"2560\" \/>\n\t<meta property=\"og:image:type\" content=\"image\/jpeg\" \/>\n<meta name=\"author\" content=\"Tigist Mekonnen\" \/>\n<meta name=\"twitter:card\" content=\"summary_large_image\" \/>\n<meta name=\"twitter:creator\" content=\"@mcspa_org\" \/>\n<meta name=\"twitter:site\" content=\"@mcspa_org\" \/>\n<meta name=\"twitter:label1\" content=\"Escrito por\" \/>\n\t<meta name=\"twitter:data1\" content=\"Tigist Mekonnen\" \/>\n\t<meta name=\"twitter:label2\" content=\"Tiempo de lectura\" \/>\n\t<meta name=\"twitter:data2\" content=\"2 minutos\" \/>\n<script type=\"application\/ld+json\" class=\"yoast-schema-graph\">{\"@context\":\"https:\/\/schema.org\",\"@graph\":[{\"@type\":\"Article\",\"@id\":\"https:\/\/mcspa.org\/es\/celebracion-de-la-vida-de-paco-casa-de-san-pedro-claver-bogota-colombia\/#article\",\"isPartOf\":{\"@id\":\"https:\/\/mcspa.org\/es\/celebracion-de-la-vida-de-paco-casa-de-san-pedro-claver-bogota-colombia\/\"},\"author\":{\"name\":\"Tigist Mekonnen\",\"@id\":\"https:\/\/mcspa.org\/#\/schema\/person\/2ade74bdb2743cb40b7b0093d9549b41\"},\"headline\":\"Celebraci\u00f3n de la vida de Paco: Casa de San Pedro Claver Bogot\u00e1, Colombia.\",\"datePublished\":\"2024-02-22T13:48:14+00:00\",\"mainEntityOfPage\":{\"@id\":\"https:\/\/mcspa.org\/es\/celebracion-de-la-vida-de-paco-casa-de-san-pedro-claver-bogota-colombia\/\"},\"wordCount\":264,\"publisher\":{\"@id\":\"https:\/\/mcspa.org\/#organization\"},\"image\":{\"@id\":\"https:\/\/mcspa.org\/es\/celebracion-de-la-vida-de-paco-casa-de-san-pedro-claver-bogota-colombia\/#primaryimage\"},\"thumbnailUrl\":\"https:\/\/mcspa.org\/wp-content\/uploads\/2024\/02\/IMG20240214104459-scaled.jpg\",\"articleSection\":[\"MCSPA\"],\"inLanguage\":\"es\"},{\"@type\":\"WebPage\",\"@id\":\"https:\/\/mcspa.org\/es\/celebracion-de-la-vida-de-paco-casa-de-san-pedro-claver-bogota-colombia\/\",\"url\":\"https:\/\/mcspa.org\/es\/celebracion-de-la-vida-de-paco-casa-de-san-pedro-claver-bogota-colombia\/\",\"name\":\"Celebraci\u00f3n de la vida de Paco: Casa de San Pedro Claver Bogot\u00e1, Colombia. - Comunidad misionera de San Pablo Apostol - MCSPA\",\"isPartOf\":{\"@id\":\"https:\/\/mcspa.org\/#website\"},\"primaryImageOfPage\":{\"@id\":\"https:\/\/mcspa.org\/es\/celebracion-de-la-vida-de-paco-casa-de-san-pedro-claver-bogota-colombia\/#primaryimage\"},\"image\":{\"@id\":\"https:\/\/mcspa.org\/es\/celebracion-de-la-vida-de-paco-casa-de-san-pedro-claver-bogota-colombia\/#primaryimage\"},\"thumbnailUrl\":\"https:\/\/mcspa.org\/wp-content\/uploads\/2024\/02\/IMG20240214104459-scaled.jpg\",\"datePublished\":\"2024-02-22T13:48:14+00:00\",\"breadcrumb\":{\"@id\":\"https:\/\/mcspa.org\/es\/celebracion-de-la-vida-de-paco-casa-de-san-pedro-claver-bogota-colombia\/#breadcrumb\"},\"inLanguage\":\"es\",\"potentialAction\":[{\"@type\":\"ReadAction\",\"target\":[\"https:\/\/mcspa.org\/es\/celebracion-de-la-vida-de-paco-casa-de-san-pedro-claver-bogota-colombia\/\"]}]},{\"@type\":\"ImageObject\",\"inLanguage\":\"es\",\"@id\":\"https:\/\/mcspa.org\/es\/celebracion-de-la-vida-de-paco-casa-de-san-pedro-claver-bogota-colombia\/#primaryimage\",\"url\":\"https:\/\/mcspa.org\/wp-content\/uploads\/2024\/02\/IMG20240214104459-scaled.jpg\",\"contentUrl\":\"https:\/\/mcspa.org\/wp-content\/uploads\/2024\/02\/IMG20240214104459-scaled.jpg\",\"width\":1920,\"height\":2560},{\"@type\":\"BreadcrumbList\",\"@id\":\"https:\/\/mcspa.org\/es\/celebracion-de-la-vida-de-paco-casa-de-san-pedro-claver-bogota-colombia\/#breadcrumb\",\"itemListElement\":[{\"@type\":\"ListItem\",\"position\":1,\"name\":\"Portada\",\"item\":\"https:\/\/mcspa.org\/es\/agency-homepage\/\"},{\"@type\":\"ListItem\",\"position\":2,\"name\":\"Celebraci\u00f3n de la vida de Paco: Casa de San Pedro Claver Bogot\u00e1, Colombia.\"}]},{\"@type\":\"WebSite\",\"@id\":\"https:\/\/mcspa.org\/#website\",\"url\":\"https:\/\/mcspa.org\/\",\"name\":\"Comunidad misionera de San Pablo Apostol - MCSPA\",\"description\":\"\",\"publisher\":{\"@id\":\"https:\/\/mcspa.org\/#organization\"},\"potentialAction\":[{\"@type\":\"SearchAction\",\"target\":{\"@type\":\"EntryPoint\",\"urlTemplate\":\"https:\/\/mcspa.org\/?s={search_term_string}\"},\"query-input\":{\"@type\":\"PropertyValueSpecification\",\"valueRequired\":true,\"valueName\":\"search_term_string\"}}],\"inLanguage\":\"es\"},{\"@type\":\"Organization\",\"@id\":\"https:\/\/mcspa.org\/#organization\",\"name\":\"Missionary Community of St. Paul the Apostle - MCSPA\",\"url\":\"https:\/\/mcspa.org\/\",\"logo\":{\"@type\":\"ImageObject\",\"inLanguage\":\"es\",\"@id\":\"https:\/\/mcspa.org\/#\/schema\/logo\/image\/\",\"url\":\"https:\/\/mcspa.org\/wp-content\/uploads\/2022\/11\/MCSPA-logo-english.png\",\"contentUrl\":\"https:\/\/mcspa.org\/wp-content\/uploads\/2022\/11\/MCSPA-logo-english.png\",\"width\":3614,\"height\":1244,\"caption\":\"Missionary Community of St. Paul the Apostle - MCSPA\"},\"image\":{\"@id\":\"https:\/\/mcspa.org\/#\/schema\/logo\/image\/\"},\"sameAs\":[\"https:\/\/www.facebook.com\/mcspa\",\"https:\/\/x.com\/mcspa_org\",\"https:\/\/www.instagram.com\/mcspa_mmc\/\",\"https:\/\/www.youtube.com\/channel\/UC1df8SuPOPbFtMhlokt9gZQ\",\"https:\/\/www.youtube.com\/c\/MCSPA\"]},{\"@type\":\"Person\",\"@id\":\"https:\/\/mcspa.org\/#\/schema\/person\/2ade74bdb2743cb40b7b0093d9549b41\",\"name\":\"Tigist Mekonnen\",\"image\":{\"@type\":\"ImageObject\",\"inLanguage\":\"es\",\"@id\":\"https:\/\/secure.gravatar.com\/avatar\/c9bdf6de8a513947ed9b7fbbf15a2af72951bf7a9aba322502a0344d73668054?s=96&d=mm&r=g\",\"url\":\"https:\/\/secure.gravatar.com\/avatar\/c9bdf6de8a513947ed9b7fbbf15a2af72951bf7a9aba322502a0344d73668054?s=96&d=mm&r=g\",\"contentUrl\":\"https:\/\/secure.gravatar.com\/avatar\/c9bdf6de8a513947ed9b7fbbf15a2af72951bf7a9aba322502a0344d73668054?s=96&d=mm&r=g\",\"caption\":\"Tigist Mekonnen\"},\"url\":\"https:\/\/mcspa.org\/es\/author\/tigist\/\"}]}<\/script>\n<!-- \/ Yoast SEO plugin. -->","yoast_head_json":{"title":"Celebraci\u00f3n de la vida de Paco: Casa de San Pedro Claver Bogot\u00e1, Colombia. - Comunidad misionera de San Pablo Apostol - MCSPA","robots":{"index":"index","follow":"follow","max-snippet":"max-snippet:-1","max-image-preview":"max-image-preview:large","max-video-preview":"max-video-preview:-1"},"canonical":"https:\/\/mcspa.org\/es\/celebracion-de-la-vida-de-paco-casa-de-san-pedro-claver-bogota-colombia\/","og_locale":"es_ES","og_type":"article","og_title":"Celebraci\u00f3n de la vida de Paco: Casa de San Pedro Claver Bogot\u00e1, Colombia. - Comunidad misionera de San Pablo Apostol - MCSPA","og_description":"Este d\u00eda, 15 de febrero de 2024, marca el und\u00e9cimo aniversario desde que nuestro fundador Paco nos dej\u00f3 y se reuni\u00f3 con el Se\u00f1or. Damos gracias a Dios por una vida bien vivida con nosotros, en la que fund\u00f3 nuestra Comunidad Misionera de San Pablo Ap\u00f3stol y Mar\u00eda Madre de la Iglesia y nos hizo [&hellip;]","og_url":"https:\/\/mcspa.org\/es\/celebracion-de-la-vida-de-paco-casa-de-san-pedro-claver-bogota-colombia\/","og_site_name":"Comunidad misionera de San Pablo Apostol - MCSPA","article_publisher":"https:\/\/www.facebook.com\/mcspa","article_published_time":"2024-02-22T13:48:14+00:00","og_image":[{"width":1920,"height":2560,"url":"https:\/\/mcspa.org\/wp-content\/uploads\/2024\/02\/IMG20240214104459-scaled.jpg","type":"image\/jpeg"}],"author":"Tigist Mekonnen","twitter_card":"summary_large_image","twitter_creator":"@mcspa_org","twitter_site":"@mcspa_org","twitter_misc":{"Escrito por":"Tigist Mekonnen","Tiempo de lectura":"2 minutos"},"schema":{"@context":"https:\/\/schema.org","@graph":[{"@type":"Article","@id":"https:\/\/mcspa.org\/es\/celebracion-de-la-vida-de-paco-casa-de-san-pedro-claver-bogota-colombia\/#article","isPartOf":{"@id":"https:\/\/mcspa.org\/es\/celebracion-de-la-vida-de-paco-casa-de-san-pedro-claver-bogota-colombia\/"},"author":{"name":"Tigist Mekonnen","@id":"https:\/\/mcspa.org\/#\/schema\/person\/2ade74bdb2743cb40b7b0093d9549b41"},"headline":"Celebraci\u00f3n de la vida de Paco: Casa de San Pedro Claver Bogot\u00e1, Colombia.","datePublished":"2024-02-22T13:48:14+00:00","mainEntityOfPage":{"@id":"https:\/\/mcspa.org\/es\/celebracion-de-la-vida-de-paco-casa-de-san-pedro-claver-bogota-colombia\/"},"wordCount":264,"publisher":{"@id":"https:\/\/mcspa.org\/#organization"},"image":{"@id":"https:\/\/mcspa.org\/es\/celebracion-de-la-vida-de-paco-casa-de-san-pedro-claver-bogota-colombia\/#primaryimage"},"thumbnailUrl":"https:\/\/mcspa.org\/wp-content\/uploads\/2024\/02\/IMG20240214104459-scaled.jpg","articleSection":["MCSPA"],"inLanguage":"es"},{"@type":"WebPage","@id":"https:\/\/mcspa.org\/es\/celebracion-de-la-vida-de-paco-casa-de-san-pedro-claver-bogota-colombia\/","url":"https:\/\/mcspa.org\/es\/celebracion-de-la-vida-de-paco-casa-de-san-pedro-claver-bogota-colombia\/","name":"Celebraci\u00f3n de la vida de Paco: Casa de San Pedro Claver Bogot\u00e1, Colombia. - Comunidad misionera de San Pablo Apostol - MCSPA","isPartOf":{"@id":"https:\/\/mcspa.org\/#website"},"primaryImageOfPage":{"@id":"https:\/\/mcspa.org\/es\/celebracion-de-la-vida-de-paco-casa-de-san-pedro-claver-bogota-colombia\/#primaryimage"},"image":{"@id":"https:\/\/mcspa.org\/es\/celebracion-de-la-vida-de-paco-casa-de-san-pedro-claver-bogota-colombia\/#primaryimage"},"thumbnailUrl":"https:\/\/mcspa.org\/wp-content\/uploads\/2024\/02\/IMG20240214104459-scaled.jpg","datePublished":"2024-02-22T13:48:14+00:00","breadcrumb":{"@id":"https:\/\/mcspa.org\/es\/celebracion-de-la-vida-de-paco-casa-de-san-pedro-claver-bogota-colombia\/#breadcrumb"},"inLanguage":"es","potentialAction":[{"@type":"ReadAction","target":["https:\/\/mcspa.org\/es\/celebracion-de-la-vida-de-paco-casa-de-san-pedro-claver-bogota-colombia\/"]}]},{"@type":"ImageObject","inLanguage":"es","@id":"https:\/\/mcspa.org\/es\/celebracion-de-la-vida-de-paco-casa-de-san-pedro-claver-bogota-colombia\/#primaryimage","url":"https:\/\/mcspa.org\/wp-content\/uploads\/2024\/02\/IMG20240214104459-scaled.jpg","contentUrl":"https:\/\/mcspa.org\/wp-content\/uploads\/2024\/02\/IMG20240214104459-scaled.jpg","width":1920,"height":2560},{"@type":"BreadcrumbList","@id":"https:\/\/mcspa.org\/es\/celebracion-de-la-vida-de-paco-casa-de-san-pedro-claver-bogota-colombia\/#breadcrumb","itemListElement":[{"@type":"ListItem","position":1,"name":"Portada","item":"https:\/\/mcspa.org\/es\/agency-homepage\/"},{"@type":"ListItem","position":2,"name":"Celebraci\u00f3n de la vida de Paco: Casa de San Pedro Claver Bogot\u00e1, Colombia."}]},{"@type":"WebSite","@id":"https:\/\/mcspa.org\/#website","url":"https:\/\/mcspa.org\/","name":"Comunidad misionera de San Pablo Apostol - MCSPA","description":"","publisher":{"@id":"https:\/\/mcspa.org\/#organization"},"potentialAction":[{"@type":"SearchAction","target":{"@type":"EntryPoint","urlTemplate":"https:\/\/mcspa.org\/?s={search_term_string}"},"query-input":{"@type":"PropertyValueSpecification","valueRequired":true,"valueName":"search_term_string"}}],"inLanguage":"es"},{"@type":"Organization","@id":"https:\/\/mcspa.org\/#organization","name":"Missionary Community of St. Paul the Apostle - MCSPA","url":"https:\/\/mcspa.org\/","logo":{"@type":"ImageObject","inLanguage":"es","@id":"https:\/\/mcspa.org\/#\/schema\/logo\/image\/","url":"https:\/\/mcspa.org\/wp-content\/uploads\/2022\/11\/MCSPA-logo-english.png","contentUrl":"https:\/\/mcspa.org\/wp-content\/uploads\/2022\/11\/MCSPA-logo-english.png","width":3614,"height":1244,"caption":"Missionary Community of St. Paul the Apostle - MCSPA"},"image":{"@id":"https:\/\/mcspa.org\/#\/schema\/logo\/image\/"},"sameAs":["https:\/\/www.facebook.com\/mcspa","https:\/\/x.com\/mcspa_org","https:\/\/www.instagram.com\/mcspa_mmc\/","https:\/\/www.youtube.com\/channel\/UC1df8SuPOPbFtMhlokt9gZQ","https:\/\/www.youtube.com\/c\/MCSPA"]},{"@type":"Person","@id":"https:\/\/mcspa.org\/#\/schema\/person\/2ade74bdb2743cb40b7b0093d9549b41","name":"Tigist Mekonnen","image":{"@type":"ImageObject","inLanguage":"es","@id":"https:\/\/secure.gravatar.com\/avatar\/c9bdf6de8a513947ed9b7fbbf15a2af72951bf7a9aba322502a0344d73668054?s=96&d=mm&r=g","url":"https:\/\/secure.gravatar.com\/avatar\/c9bdf6de8a513947ed9b7fbbf15a2af72951bf7a9aba322502a0344d73668054?s=96&d=mm&r=g","contentUrl":"https:\/\/secure.gravatar.com\/avatar\/c9bdf6de8a513947ed9b7fbbf15a2af72951bf7a9aba322502a0344d73668054?s=96&d=mm&r=g","caption":"Tigist Mekonnen"},"url":"https:\/\/mcspa.org\/es\/author\/tigist\/"}]}},"_links":{"self":[{"href":"https:\/\/mcspa.org\/es\/wp-json\/wp\/v2\/posts\/8551","targetHints":{"allow":["GET"]}}],"collection":[{"href":"https:\/\/mcspa.org\/es\/wp-json\/wp\/v2\/posts"}],"about":[{"href":"https:\/\/mcspa.org\/es\/wp-json\/wp\/v2\/types\/post"}],"author":[{"embeddable":true,"href":"https:\/\/mcspa.org\/es\/wp-json\/wp\/v2\/users\/12"}],"replies":[{"embeddable":true,"href":"https:\/\/mcspa.org\/es\/wp-json\/wp\/v2\/comments?post=8551"}],"version-history":[{"count":1,"href":"https:\/\/mcspa.org\/es\/wp-json\/wp\/v2\/posts\/8551\/revisions"}],"predecessor-version":[{"id":8560,"href":"https:\/\/mcspa.org\/es\/wp-json\/wp\/v2\/posts\/8551\/revisions\/8560"}],"wp:featuredmedia":[{"embeddable":true,"href":"https:\/\/mcspa.org\/es\/wp-json\/wp\/v2\/media\/8558"}],"wp:attachment":[{"href":"https:\/\/mcspa.org\/es\/wp-json\/wp\/v2\/media?parent=8551"}],"wp:term":[{"taxonomy":"category","embeddable":true,"href":"https:\/\/mcspa.org\/es\/wp-json\/wp\/v2\/categories?post=8551"},{"taxonomy":"post_tag","embeddable":true,"href":"https:\/\/mcspa.org\/es\/wp-json\/wp\/v2\/tags?post=8551"}],"curies":[{"name":"wp","href":"https:\/\/api.w.org\/{rel}","templated":true}]}}