{"id":7745,"date":"2023-05-28T21:25:49","date_gmt":"2023-05-28T18:25:49","guid":{"rendered":"https:\/\/mcspa.org\/?p=7745"},"modified":"2023-05-28T21:26:55","modified_gmt":"2023-05-28T18:26:55","slug":"visita-de-obispos-etiopes-a-madrid","status":"publish","type":"post","link":"https:\/\/mcspa.org\/es\/visita-de-obispos-etiopes-a-madrid\/","title":{"rendered":"Visita de Obispos Et\u00edopes a Madrid"},"content":{"rendered":"<p>Esta semana pasada, una delegaci\u00f3n de la iglesia cat\u00f3lica en Etiop\u00eda formada por el Cardenal Arzobispo de Ad\u00eds Abeba, S.E. Berhaneyesus Souraphiel, Mons. Markos Gebremedhin, Obispo de Jimma-Bonga, Mons. Seyoum Fransua Obispo de Hossana, y Mons. Lesane-Christos Matheos, Obispo de Bahar-Dar, visitaron Madrid durante tres d\u00edas.<span class=\"Apple-converted-space\">\u00a0<\/span><\/p>\n<p>Pasaron por Espa\u00f1a porque estuvieron en un foro para los Obispos en Lisboa y la congregaci\u00f3n Obra de la Iglesia, les alojaron esos d\u00edas de paso por Espa\u00f1a.<span class=\"Apple-converted-space\">\u00a0<\/span><\/p>\n<p>Miembros de la MCSPA hemos podido organizar varias reuniones en Madrid para que los Obispos pudiesen presentar la realidad y necesidades de su pa\u00eds.<span class=\"Apple-converted-space\">\u00a0<\/span><\/p>\n<p>Pudieron visitar a C\u00e1ritas Espa\u00f1a, Ayuda a la Iglesia Necesitada, C\u00e1ritas Madrid, Manos Unidas, y Fondo para la Nueva Evangelizaci\u00f3n, asi como a las Obras Misionales Pontificias, y a la Delegaci\u00f3n de Misiones de Madrid, su inter\u00e9s y apoyo a la iglesia de Etiop\u00eda, a trav\u00e9s del apoyo a multiples proyectos, y su compromiso de cara al futuro.<span class=\"Apple-converted-space\">\u00a0<\/span><\/p>\n<p>El martes, la delegaci\u00f3n de Obispos, y misioneros, seglares y voluntarios de la MCSPA, pudieron visitar al Cardenal de Madrid, Don Carlos Osoro.<\/p>\n<p>Durante, la visita Jes\u00fas y Sara, voluntarios de la misi\u00f3n de Muketurri, Etiop\u00eda, y M\u00f3nica Falg\u00e1s, seglar de la MCSPA, explicaron su compromiso con la comunidad y las misiones de Etiop\u00eda, adem\u00e1s de el compromiso con la iglesia local de Madrid a trav\u00e9s de la parroquia de los Misioneros del Sagrado Coraz\u00f3n en P\u00edo XII.<span class=\"Apple-converted-space\">\u00a0<\/span><\/p>\n<p>Don Carlos, se interes\u00f3 por la situaci\u00f3n de la iglesia y de Etiop\u00eda. El Cardenal Berhaneyesus hizo una introducci\u00f3n a la situaci\u00f3n de la paz despu\u00e9s de la guerra del Tigray, y luego, cada obispo explic\u00f3 sobre su di\u00f3cesis. Los obispos explicaron que est\u00e1n acabando de hacer un plan estrat\u00e9gico para los pr\u00f3ximos 10 a\u00f1os y que el objetivo principal de este plan va a ser invertir mucho en la educaci\u00f3n, como instrumento principal de cambio en la sociedad et\u00edope.<\/p>\n<p>Esa misma tarde, los obispos pudieron celebrar la misa en la parroquia de Ntr\u00aa Sra del Sagrado Coraz\u00f3n en P\u00edo XII. A la misa atendi\u00f3 mucha gente, incluido el director de las obras misionales pontificias, el padre Jos\u00e9 Mar\u00eda Calder\u00f3n, y el delegado de misiones de la archidi\u00f3cesis de Madrid. El padre Calder\u00f3n tambi\u00e9n invit\u00f3 a algunos et\u00edopes ortodoxos que viven en Madrid, y que se re\u00fanen a rezar en su parroquia.<\/p>\n<p>A la misa vino bastante gente joven, y hubo un ambiente muy misionero. El cardenal habl\u00f3 sobre las similitudes entre Etiop\u00eda y Espa\u00f1a como dos pa\u00edses de una tradici\u00f3n cristiana muy antigua. Despu\u00e9s de la misa hubo un rato para charlar y saludar a todo el mundo en la iglesia y fuera de la iglesia.<span class=\"Apple-converted-space\">\u00a0<\/span><\/p>\n<p>Los obispos han agradecido sincera y encarecidamente el apoyo log\u00edstico en Madrid ya que sus regiones est\u00e1n muy necesitadas de apoyo y la solidaridad de la Iglesia universal.<\/p>\n<p>P. \u00c1ngel Valdivia MCSPA<\/p>\n\n\t\t<style type=\"text\/css\">\n\t\t\t#gallery-1 {\n\t\t\t\tmargin: auto;\n\t\t\t}\n\t\t\t#gallery-1 .gallery-item {\n\t\t\t\tfloat: left;\n\t\t\t\tmargin-top: 10px;\n\t\t\t\ttext-align: center;\n\t\t\t\twidth: 33%;\n\t\t\t}\n\t\t\t#gallery-1 img {\n\t\t\t\tborder: 2px solid #cfcfcf;\n\t\t\t}\n\t\t\t#gallery-1 .gallery-caption {\n\t\t\t\tmargin-left: 0;\n\t\t\t}\n\t\t\t\/* see gallery_shortcode() in wp-includes\/media.php *\/\n\t\t<\/style>\n\t\t<div id='gallery-1' class='gallery galleryid-7745 gallery-columns-3 gallery-size-thumbnail'><dl class='gallery-item'>\n\t\t\t<dt class='gallery-icon landscape'>\n\t\t\t\t<a href='https:\/\/mcspa.org\/es\/img_6318-jpg-2\/'><img loading=\"lazy\" decoding=\"async\" width=\"150\" height=\"150\" src=\"https:\/\/mcspa.org\/wp-content\/uploads\/2023\/05\/img_6318-150x150.jpg\" class=\"attachment-thumbnail size-thumbnail\" alt=\"\" \/><\/a>\n\t\t\t<\/dt><\/dl><dl class='gallery-item'>\n\t\t\t<dt class='gallery-icon landscape'>\n\t\t\t\t<a href='https:\/\/mcspa.org\/es\/img_6242-jpg-2\/'><img loading=\"lazy\" decoding=\"async\" width=\"150\" height=\"150\" src=\"https:\/\/mcspa.org\/wp-content\/uploads\/2023\/05\/img_6242-150x150.jpg\" class=\"attachment-thumbnail size-thumbnail\" alt=\"\" \/><\/a>\n\t\t\t<\/dt><\/dl><dl class='gallery-item'>\n\t\t\t<dt class='gallery-icon landscape'>\n\t\t\t\t<a href='https:\/\/mcspa.org\/es\/img_6317-png-2\/'><img loading=\"lazy\" decoding=\"async\" width=\"150\" height=\"150\" src=\"https:\/\/mcspa.org\/wp-content\/uploads\/2023\/05\/img_6317-150x150.png\" class=\"attachment-thumbnail size-thumbnail\" alt=\"\" \/><\/a>\n\t\t\t<\/dt><\/dl><br style=\"clear: both\" \/><dl class='gallery-item'>\n\t\t\t<dt class='gallery-icon portrait'>\n\t\t\t\t<a href='https:\/\/mcspa.org\/es\/img_6324-jpg-2\/'><img loading=\"lazy\" decoding=\"async\" width=\"150\" height=\"150\" src=\"https:\/\/mcspa.org\/wp-content\/uploads\/2023\/05\/img_6324-150x150.jpg\" class=\"attachment-thumbnail size-thumbnail\" alt=\"\" \/><\/a>\n\t\t\t<\/dt><\/dl><dl class='gallery-item'>\n\t\t\t<dt class='gallery-icon landscape'>\n\t\t\t\t<a href='https:\/\/mcspa.org\/es\/img_6327-jpg-2\/'><img loading=\"lazy\" decoding=\"async\" width=\"150\" height=\"150\" src=\"https:\/\/mcspa.org\/wp-content\/uploads\/2023\/05\/img_6327-150x150.jpg\" class=\"attachment-thumbnail size-thumbnail\" alt=\"\" \/><\/a>\n\t\t\t<\/dt><\/dl><dl class='gallery-item'>\n\t\t\t<dt class='gallery-icon landscape'>\n\t\t\t\t<a href='https:\/\/mcspa.org\/es\/34d443eb-c8a8-40a2-b9e7-a7bab223f3cf-jpg-2\/'><img loading=\"lazy\" decoding=\"async\" width=\"150\" height=\"150\" src=\"https:\/\/mcspa.org\/wp-content\/uploads\/2023\/05\/34d443eb-c8a8-40a2-b9e7-a7bab223f3cf-150x150.jpg\" class=\"attachment-thumbnail size-thumbnail\" alt=\"\" \/><\/a>\n\t\t\t<\/dt><\/dl><br style=\"clear: both\" \/><dl class='gallery-item'>\n\t\t\t<dt class='gallery-icon landscape'>\n\t\t\t\t<a href='https:\/\/mcspa.org\/es\/img_6314-jpg-2\/'><img loading=\"lazy\" decoding=\"async\" width=\"150\" height=\"150\" src=\"https:\/\/mcspa.org\/wp-content\/uploads\/2023\/05\/img_6314-150x150.jpg\" class=\"attachment-thumbnail size-thumbnail\" alt=\"\" \/><\/a>\n\t\t\t<\/dt><\/dl><dl class='gallery-item'>\n\t\t\t<dt class='gallery-icon landscape'>\n\t\t\t\t<a href='https:\/\/mcspa.org\/es\/2fec399a-9b0f-4037-a347-98d73ab4666a-jpg-2\/'><img loading=\"lazy\" decoding=\"async\" width=\"150\" height=\"150\" src=\"https:\/\/mcspa.org\/wp-content\/uploads\/2023\/05\/2fec399a-9b0f-4037-a347-98d73ab4666a-150x150.jpg\" class=\"attachment-thumbnail size-thumbnail\" alt=\"\" \/><\/a>\n\t\t\t<\/dt><\/dl><dl class='gallery-item'>\n\t\t\t<dt class='gallery-icon landscape'>\n\t\t\t\t<a href='https:\/\/mcspa.org\/es\/76b47b4e-053d-49e8-94ee-1b4dca0e7877-jpg-2\/'><img loading=\"lazy\" decoding=\"async\" width=\"150\" height=\"150\" src=\"https:\/\/mcspa.org\/wp-content\/uploads\/2023\/05\/76b47b4e-053d-49e8-94ee-1b4dca0e7877-150x150.jpg\" class=\"attachment-thumbnail size-thumbnail\" alt=\"\" \/><\/a>\n\t\t\t<\/dt><\/dl><br style=\"clear: both\" \/><dl class='gallery-item'>\n\t\t\t<dt class='gallery-icon landscape'>\n\t\t\t\t<a href='https:\/\/mcspa.org\/es\/f690ec51-158b-42a9-96a6-d3d99c87e21c-jpg-2\/'><img loading=\"lazy\" decoding=\"async\" width=\"150\" height=\"150\" src=\"https:\/\/mcspa.org\/wp-content\/uploads\/2023\/05\/f690ec51-158b-42a9-96a6-d3d99c87e21c-150x150.jpg\" class=\"attachment-thumbnail size-thumbnail\" alt=\"\" \/><\/a>\n\t\t\t<\/dt><\/dl><dl class='gallery-item'>\n\t\t\t<dt class='gallery-icon landscape'>\n\t\t\t\t<a href='https:\/\/mcspa.org\/es\/92d26a6a-4364-4e01-8ed7-dacbb5270d0e-jpg-2\/'><img loading=\"lazy\" decoding=\"async\" width=\"150\" height=\"150\" src=\"https:\/\/mcspa.org\/wp-content\/uploads\/2023\/05\/92d26a6a-4364-4e01-8ed7-dacbb5270d0e-150x150.jpg\" class=\"attachment-thumbnail size-thumbnail\" alt=\"\" \/><\/a>\n\t\t\t<\/dt><\/dl><dl class='gallery-item'>\n\t\t\t<dt class='gallery-icon landscape'>\n\t\t\t\t<a href='https:\/\/mcspa.org\/es\/1e354ff2-6776-493f-86ca-9caf9fe831e0-jpg-2\/'><img loading=\"lazy\" decoding=\"async\" width=\"150\" height=\"150\" src=\"https:\/\/mcspa.org\/wp-content\/uploads\/2023\/05\/1e354ff2-6776-493f-86ca-9caf9fe831e0-150x150.jpg\" class=\"attachment-thumbnail size-thumbnail\" alt=\"\" \/><\/a>\n\t\t\t<\/dt><\/dl><br style=\"clear: both\" \/>\n\t\t<\/div>\n\n","protected":false},"excerpt":{"rendered":"<p>Esta semana pasada, una delegaci\u00f3n de la iglesia cat\u00f3lica en Etiop\u00eda formada por el Cardenal Arzobispo de Ad\u00eds Abeba, S.E. Berhaneyesus Souraphiel, Mons. Markos Gebremedhin, Obispo de Jimma-Bonga, Mons. Seyoum Fransua Obispo de Hossana, y Mons. Lesane-Christos Matheos, Obispo de Bahar-Dar, visitaron Madrid durante tres d\u00edas.\u00a0 Pasaron por Espa\u00f1a porque estuvieron en un foro para [&hellip;]<\/p>\n","protected":false},"author":6,"featured_media":7725,"comment_status":"closed","ping_status":"open","sticky":false,"template":"","format":"standard","meta":{"footnotes":""},"categories":[110,2],"tags":[97,86,100,375,90,87,191,140,129,111],"class_list":["post-7745","post","type-post","status-publish","format-standard","has-post-thumbnail","hentry","category-noticias","category-uncategorized","tag-andode","tag-comunidad-misionera-de-san-pablo-apostol","tag-cuerno-de-africa","tag-endibir","tag-etiopia","tag-mcspa","tag-mcspa-muketuri","tag-mcspa-comunidad-misionera-de-san-pablo-apostol-nutricion-etiopia","tag-mizan-teferi","tag-nyangatom"],"yoast_head":"<!-- This site is optimized with the Yoast SEO plugin v27.2 - https:\/\/yoast.com\/product\/yoast-seo-wordpress\/ -->\n<title>Visita de Obispos Et\u00edopes a Madrid - Comunidad misionera de San Pablo Apostol - MCSPA<\/title>\n<meta name=\"robots\" content=\"index, follow, max-snippet:-1, max-image-preview:large, max-video-preview:-1\" \/>\n<link rel=\"canonical\" href=\"https:\/\/mcspa.org\/es\/visita-de-obispos-etiopes-a-madrid\/\" \/>\n<meta property=\"og:locale\" content=\"es_ES\" \/>\n<meta property=\"og:type\" content=\"article\" \/>\n<meta property=\"og:title\" content=\"Visita de Obispos Et\u00edopes a Madrid - Comunidad misionera de San Pablo Apostol - MCSPA\" \/>\n<meta property=\"og:description\" content=\"Esta semana pasada, una delegaci\u00f3n de la iglesia cat\u00f3lica en Etiop\u00eda formada por el Cardenal Arzobispo de Ad\u00eds Abeba, S.E. Berhaneyesus Souraphiel, Mons. Markos Gebremedhin, Obispo de Jimma-Bonga, Mons. Seyoum Fransua Obispo de Hossana, y Mons. Lesane-Christos Matheos, Obispo de Bahar-Dar, visitaron Madrid durante tres d\u00edas.\u00a0 Pasaron por Espa\u00f1a porque estuvieron en un foro para [&hellip;]\" \/>\n<meta property=\"og:url\" content=\"https:\/\/mcspa.org\/es\/visita-de-obispos-etiopes-a-madrid\/\" \/>\n<meta property=\"og:site_name\" content=\"Comunidad misionera de San Pablo Apostol - MCSPA\" \/>\n<meta property=\"article:publisher\" content=\"https:\/\/www.facebook.com\/mcspa\" \/>\n<meta property=\"article:published_time\" content=\"2023-05-28T18:25:49+00:00\" \/>\n<meta property=\"article:modified_time\" content=\"2023-05-28T18:26:55+00:00\" \/>\n<meta property=\"og:image\" content=\"https:\/\/mcspa.org\/wp-content\/uploads\/2023\/05\/92d26a6a-4364-4e01-8ed7-dacbb5270d0e.jpg\" \/>\n\t<meta property=\"og:image:width\" content=\"1024\" \/>\n\t<meta property=\"og:image:height\" content=\"768\" \/>\n\t<meta property=\"og:image:type\" content=\"image\/jpeg\" \/>\n<meta name=\"author\" content=\"angel\" \/>\n<meta name=\"twitter:card\" content=\"summary_large_image\" \/>\n<meta name=\"twitter:creator\" content=\"@mcspa_org\" \/>\n<meta name=\"twitter:site\" content=\"@mcspa_org\" \/>\n<meta name=\"twitter:label1\" content=\"Escrito por\" \/>\n\t<meta name=\"twitter:data1\" content=\"angel\" \/>\n\t<meta name=\"twitter:label2\" content=\"Tiempo de lectura\" \/>\n\t<meta name=\"twitter:data2\" content=\"3 minutos\" \/>\n<script type=\"application\/ld+json\" class=\"yoast-schema-graph\">{\"@context\":\"https:\/\/schema.org\",\"@graph\":[{\"@type\":\"Article\",\"@id\":\"https:\/\/mcspa.org\/es\/visita-de-obispos-etiopes-a-madrid\/#article\",\"isPartOf\":{\"@id\":\"https:\/\/mcspa.org\/es\/visita-de-obispos-etiopes-a-madrid\/\"},\"author\":{\"name\":\"angel\",\"@id\":\"https:\/\/mcspa.org\/#\/schema\/person\/fe02689d218cac3bf79684c7babeef6a\"},\"headline\":\"Visita de Obispos Et\u00edopes a Madrid\",\"datePublished\":\"2023-05-28T18:25:49+00:00\",\"dateModified\":\"2023-05-28T18:26:55+00:00\",\"mainEntityOfPage\":{\"@id\":\"https:\/\/mcspa.org\/es\/visita-de-obispos-etiopes-a-madrid\/\"},\"wordCount\":539,\"publisher\":{\"@id\":\"https:\/\/mcspa.org\/#organization\"},\"image\":{\"@id\":\"https:\/\/mcspa.org\/es\/visita-de-obispos-etiopes-a-madrid\/#primaryimage\"},\"thumbnailUrl\":\"https:\/\/mcspa.org\/wp-content\/uploads\/2023\/05\/92d26a6a-4364-4e01-8ed7-dacbb5270d0e.jpg\",\"keywords\":[\"Andode\",\"comunidad misionera de san pablo apostol\",\"cuerno de africa\",\"Endibir\",\"Etiopia\",\"mcspa\",\"MCSPA Muketuri\",\"MCSPA; Comunidad Misionera de San Pablo Ap\u00f3stol; nutrici\u00f3n; Etiop\u00eda\",\"Mizan Teferi\",\"Nyangatom\"],\"articleSection\":[\"Noticias\",\"Uncategorized\"],\"inLanguage\":\"es\"},{\"@type\":\"WebPage\",\"@id\":\"https:\/\/mcspa.org\/es\/visita-de-obispos-etiopes-a-madrid\/\",\"url\":\"https:\/\/mcspa.org\/es\/visita-de-obispos-etiopes-a-madrid\/\",\"name\":\"Visita de Obispos Et\u00edopes a Madrid - Comunidad misionera de San Pablo Apostol - MCSPA\",\"isPartOf\":{\"@id\":\"https:\/\/mcspa.org\/#website\"},\"primaryImageOfPage\":{\"@id\":\"https:\/\/mcspa.org\/es\/visita-de-obispos-etiopes-a-madrid\/#primaryimage\"},\"image\":{\"@id\":\"https:\/\/mcspa.org\/es\/visita-de-obispos-etiopes-a-madrid\/#primaryimage\"},\"thumbnailUrl\":\"https:\/\/mcspa.org\/wp-content\/uploads\/2023\/05\/92d26a6a-4364-4e01-8ed7-dacbb5270d0e.jpg\",\"datePublished\":\"2023-05-28T18:25:49+00:00\",\"dateModified\":\"2023-05-28T18:26:55+00:00\",\"breadcrumb\":{\"@id\":\"https:\/\/mcspa.org\/es\/visita-de-obispos-etiopes-a-madrid\/#breadcrumb\"},\"inLanguage\":\"es\",\"potentialAction\":[{\"@type\":\"ReadAction\",\"target\":[\"https:\/\/mcspa.org\/es\/visita-de-obispos-etiopes-a-madrid\/\"]}]},{\"@type\":\"ImageObject\",\"inLanguage\":\"es\",\"@id\":\"https:\/\/mcspa.org\/es\/visita-de-obispos-etiopes-a-madrid\/#primaryimage\",\"url\":\"https:\/\/mcspa.org\/wp-content\/uploads\/2023\/05\/92d26a6a-4364-4e01-8ed7-dacbb5270d0e.jpg\",\"contentUrl\":\"https:\/\/mcspa.org\/wp-content\/uploads\/2023\/05\/92d26a6a-4364-4e01-8ed7-dacbb5270d0e.jpg\",\"width\":1024,\"height\":768},{\"@type\":\"BreadcrumbList\",\"@id\":\"https:\/\/mcspa.org\/es\/visita-de-obispos-etiopes-a-madrid\/#breadcrumb\",\"itemListElement\":[{\"@type\":\"ListItem\",\"position\":1,\"name\":\"Portada\",\"item\":\"https:\/\/mcspa.org\/es\/agency-homepage\/\"},{\"@type\":\"ListItem\",\"position\":2,\"name\":\"Visita de Obispos Et\u00edopes a Madrid\"}]},{\"@type\":\"WebSite\",\"@id\":\"https:\/\/mcspa.org\/#website\",\"url\":\"https:\/\/mcspa.org\/\",\"name\":\"Comunidad misionera de San Pablo Apostol - MCSPA\",\"description\":\"\",\"publisher\":{\"@id\":\"https:\/\/mcspa.org\/#organization\"},\"potentialAction\":[{\"@type\":\"SearchAction\",\"target\":{\"@type\":\"EntryPoint\",\"urlTemplate\":\"https:\/\/mcspa.org\/?s={search_term_string}\"},\"query-input\":{\"@type\":\"PropertyValueSpecification\",\"valueRequired\":true,\"valueName\":\"search_term_string\"}}],\"inLanguage\":\"es\"},{\"@type\":\"Organization\",\"@id\":\"https:\/\/mcspa.org\/#organization\",\"name\":\"Missionary Community of St. Paul the Apostle - MCSPA\",\"url\":\"https:\/\/mcspa.org\/\",\"logo\":{\"@type\":\"ImageObject\",\"inLanguage\":\"es\",\"@id\":\"https:\/\/mcspa.org\/#\/schema\/logo\/image\/\",\"url\":\"https:\/\/mcspa.org\/wp-content\/uploads\/2022\/11\/MCSPA-logo-english.png\",\"contentUrl\":\"https:\/\/mcspa.org\/wp-content\/uploads\/2022\/11\/MCSPA-logo-english.png\",\"width\":3614,\"height\":1244,\"caption\":\"Missionary Community of St. Paul the Apostle - MCSPA\"},\"image\":{\"@id\":\"https:\/\/mcspa.org\/#\/schema\/logo\/image\/\"},\"sameAs\":[\"https:\/\/www.facebook.com\/mcspa\",\"https:\/\/x.com\/mcspa_org\",\"https:\/\/www.instagram.com\/mcspa_mmc\/\",\"https:\/\/www.youtube.com\/channel\/UC1df8SuPOPbFtMhlokt9gZQ\",\"https:\/\/www.youtube.com\/c\/MCSPA\"]},{\"@type\":\"Person\",\"@id\":\"https:\/\/mcspa.org\/#\/schema\/person\/fe02689d218cac3bf79684c7babeef6a\",\"name\":\"angel\",\"image\":{\"@type\":\"ImageObject\",\"inLanguage\":\"es\",\"@id\":\"https:\/\/secure.gravatar.com\/avatar\/7d0357ed4fb3c9c22b30790da6d08bef1816ec75c0068f2b17d710104e772654?s=96&d=mm&r=g\",\"url\":\"https:\/\/secure.gravatar.com\/avatar\/7d0357ed4fb3c9c22b30790da6d08bef1816ec75c0068f2b17d710104e772654?s=96&d=mm&r=g\",\"contentUrl\":\"https:\/\/secure.gravatar.com\/avatar\/7d0357ed4fb3c9c22b30790da6d08bef1816ec75c0068f2b17d710104e772654?s=96&d=mm&r=g\",\"caption\":\"angel\"},\"url\":\"https:\/\/mcspa.org\/es\/author\/angel\/\"}]}<\/script>\n<!-- \/ Yoast SEO plugin. -->","yoast_head_json":{"title":"Visita de Obispos Et\u00edopes a Madrid - Comunidad misionera de San Pablo Apostol - MCSPA","robots":{"index":"index","follow":"follow","max-snippet":"max-snippet:-1","max-image-preview":"max-image-preview:large","max-video-preview":"max-video-preview:-1"},"canonical":"https:\/\/mcspa.org\/es\/visita-de-obispos-etiopes-a-madrid\/","og_locale":"es_ES","og_type":"article","og_title":"Visita de Obispos Et\u00edopes a Madrid - Comunidad misionera de San Pablo Apostol - MCSPA","og_description":"Esta semana pasada, una delegaci\u00f3n de la iglesia cat\u00f3lica en Etiop\u00eda formada por el Cardenal Arzobispo de Ad\u00eds Abeba, S.E. Berhaneyesus Souraphiel, Mons. Markos Gebremedhin, Obispo de Jimma-Bonga, Mons. Seyoum Fransua Obispo de Hossana, y Mons. Lesane-Christos Matheos, Obispo de Bahar-Dar, visitaron Madrid durante tres d\u00edas.\u00a0 Pasaron por Espa\u00f1a porque estuvieron en un foro para [&hellip;]","og_url":"https:\/\/mcspa.org\/es\/visita-de-obispos-etiopes-a-madrid\/","og_site_name":"Comunidad misionera de San Pablo Apostol - MCSPA","article_publisher":"https:\/\/www.facebook.com\/mcspa","article_published_time":"2023-05-28T18:25:49+00:00","article_modified_time":"2023-05-28T18:26:55+00:00","og_image":[{"width":1024,"height":768,"url":"https:\/\/mcspa.org\/wp-content\/uploads\/2023\/05\/92d26a6a-4364-4e01-8ed7-dacbb5270d0e.jpg","type":"image\/jpeg"}],"author":"angel","twitter_card":"summary_large_image","twitter_creator":"@mcspa_org","twitter_site":"@mcspa_org","twitter_misc":{"Escrito por":"angel","Tiempo de lectura":"3 minutos"},"schema":{"@context":"https:\/\/schema.org","@graph":[{"@type":"Article","@id":"https:\/\/mcspa.org\/es\/visita-de-obispos-etiopes-a-madrid\/#article","isPartOf":{"@id":"https:\/\/mcspa.org\/es\/visita-de-obispos-etiopes-a-madrid\/"},"author":{"name":"angel","@id":"https:\/\/mcspa.org\/#\/schema\/person\/fe02689d218cac3bf79684c7babeef6a"},"headline":"Visita de Obispos Et\u00edopes a Madrid","datePublished":"2023-05-28T18:25:49+00:00","dateModified":"2023-05-28T18:26:55+00:00","mainEntityOfPage":{"@id":"https:\/\/mcspa.org\/es\/visita-de-obispos-etiopes-a-madrid\/"},"wordCount":539,"publisher":{"@id":"https:\/\/mcspa.org\/#organization"},"image":{"@id":"https:\/\/mcspa.org\/es\/visita-de-obispos-etiopes-a-madrid\/#primaryimage"},"thumbnailUrl":"https:\/\/mcspa.org\/wp-content\/uploads\/2023\/05\/92d26a6a-4364-4e01-8ed7-dacbb5270d0e.jpg","keywords":["Andode","comunidad misionera de san pablo apostol","cuerno de africa","Endibir","Etiopia","mcspa","MCSPA Muketuri","MCSPA; Comunidad Misionera de San Pablo Ap\u00f3stol; nutrici\u00f3n; Etiop\u00eda","Mizan Teferi","Nyangatom"],"articleSection":["Noticias","Uncategorized"],"inLanguage":"es"},{"@type":"WebPage","@id":"https:\/\/mcspa.org\/es\/visita-de-obispos-etiopes-a-madrid\/","url":"https:\/\/mcspa.org\/es\/visita-de-obispos-etiopes-a-madrid\/","name":"Visita de Obispos Et\u00edopes a Madrid - Comunidad misionera de San Pablo Apostol - MCSPA","isPartOf":{"@id":"https:\/\/mcspa.org\/#website"},"primaryImageOfPage":{"@id":"https:\/\/mcspa.org\/es\/visita-de-obispos-etiopes-a-madrid\/#primaryimage"},"image":{"@id":"https:\/\/mcspa.org\/es\/visita-de-obispos-etiopes-a-madrid\/#primaryimage"},"thumbnailUrl":"https:\/\/mcspa.org\/wp-content\/uploads\/2023\/05\/92d26a6a-4364-4e01-8ed7-dacbb5270d0e.jpg","datePublished":"2023-05-28T18:25:49+00:00","dateModified":"2023-05-28T18:26:55+00:00","breadcrumb":{"@id":"https:\/\/mcspa.org\/es\/visita-de-obispos-etiopes-a-madrid\/#breadcrumb"},"inLanguage":"es","potentialAction":[{"@type":"ReadAction","target":["https:\/\/mcspa.org\/es\/visita-de-obispos-etiopes-a-madrid\/"]}]},{"@type":"ImageObject","inLanguage":"es","@id":"https:\/\/mcspa.org\/es\/visita-de-obispos-etiopes-a-madrid\/#primaryimage","url":"https:\/\/mcspa.org\/wp-content\/uploads\/2023\/05\/92d26a6a-4364-4e01-8ed7-dacbb5270d0e.jpg","contentUrl":"https:\/\/mcspa.org\/wp-content\/uploads\/2023\/05\/92d26a6a-4364-4e01-8ed7-dacbb5270d0e.jpg","width":1024,"height":768},{"@type":"BreadcrumbList","@id":"https:\/\/mcspa.org\/es\/visita-de-obispos-etiopes-a-madrid\/#breadcrumb","itemListElement":[{"@type":"ListItem","position":1,"name":"Portada","item":"https:\/\/mcspa.org\/es\/agency-homepage\/"},{"@type":"ListItem","position":2,"name":"Visita de Obispos Et\u00edopes a Madrid"}]},{"@type":"WebSite","@id":"https:\/\/mcspa.org\/#website","url":"https:\/\/mcspa.org\/","name":"Comunidad misionera de San Pablo Apostol - MCSPA","description":"","publisher":{"@id":"https:\/\/mcspa.org\/#organization"},"potentialAction":[{"@type":"SearchAction","target":{"@type":"EntryPoint","urlTemplate":"https:\/\/mcspa.org\/?s={search_term_string}"},"query-input":{"@type":"PropertyValueSpecification","valueRequired":true,"valueName":"search_term_string"}}],"inLanguage":"es"},{"@type":"Organization","@id":"https:\/\/mcspa.org\/#organization","name":"Missionary Community of St. Paul the Apostle - MCSPA","url":"https:\/\/mcspa.org\/","logo":{"@type":"ImageObject","inLanguage":"es","@id":"https:\/\/mcspa.org\/#\/schema\/logo\/image\/","url":"https:\/\/mcspa.org\/wp-content\/uploads\/2022\/11\/MCSPA-logo-english.png","contentUrl":"https:\/\/mcspa.org\/wp-content\/uploads\/2022\/11\/MCSPA-logo-english.png","width":3614,"height":1244,"caption":"Missionary Community of St. Paul the Apostle - MCSPA"},"image":{"@id":"https:\/\/mcspa.org\/#\/schema\/logo\/image\/"},"sameAs":["https:\/\/www.facebook.com\/mcspa","https:\/\/x.com\/mcspa_org","https:\/\/www.instagram.com\/mcspa_mmc\/","https:\/\/www.youtube.com\/channel\/UC1df8SuPOPbFtMhlokt9gZQ","https:\/\/www.youtube.com\/c\/MCSPA"]},{"@type":"Person","@id":"https:\/\/mcspa.org\/#\/schema\/person\/fe02689d218cac3bf79684c7babeef6a","name":"angel","image":{"@type":"ImageObject","inLanguage":"es","@id":"https:\/\/secure.gravatar.com\/avatar\/7d0357ed4fb3c9c22b30790da6d08bef1816ec75c0068f2b17d710104e772654?s=96&d=mm&r=g","url":"https:\/\/secure.gravatar.com\/avatar\/7d0357ed4fb3c9c22b30790da6d08bef1816ec75c0068f2b17d710104e772654?s=96&d=mm&r=g","contentUrl":"https:\/\/secure.gravatar.com\/avatar\/7d0357ed4fb3c9c22b30790da6d08bef1816ec75c0068f2b17d710104e772654?s=96&d=mm&r=g","caption":"angel"},"url":"https:\/\/mcspa.org\/es\/author\/angel\/"}]}},"_links":{"self":[{"href":"https:\/\/mcspa.org\/es\/wp-json\/wp\/v2\/posts\/7745","targetHints":{"allow":["GET"]}}],"collection":[{"href":"https:\/\/mcspa.org\/es\/wp-json\/wp\/v2\/posts"}],"about":[{"href":"https:\/\/mcspa.org\/es\/wp-json\/wp\/v2\/types\/post"}],"author":[{"embeddable":true,"href":"https:\/\/mcspa.org\/es\/wp-json\/wp\/v2\/users\/6"}],"replies":[{"embeddable":true,"href":"https:\/\/mcspa.org\/es\/wp-json\/wp\/v2\/comments?post=7745"}],"version-history":[{"count":2,"href":"https:\/\/mcspa.org\/es\/wp-json\/wp\/v2\/posts\/7745\/revisions"}],"predecessor-version":[{"id":7748,"href":"https:\/\/mcspa.org\/es\/wp-json\/wp\/v2\/posts\/7745\/revisions\/7748"}],"wp:featuredmedia":[{"embeddable":true,"href":"https:\/\/mcspa.org\/es\/wp-json\/wp\/v2\/media\/7725"}],"wp:attachment":[{"href":"https:\/\/mcspa.org\/es\/wp-json\/wp\/v2\/media?parent=7745"}],"wp:term":[{"taxonomy":"category","embeddable":true,"href":"https:\/\/mcspa.org\/es\/wp-json\/wp\/v2\/categories?post=7745"},{"taxonomy":"post_tag","embeddable":true,"href":"https:\/\/mcspa.org\/es\/wp-json\/wp\/v2\/tags?post=7745"}],"curies":[{"name":"wp","href":"https:\/\/api.w.org\/{rel}","templated":true}]}}