{"id":4843,"date":"2019-01-25T16:14:03","date_gmt":"2019-01-25T14:14:03","guid":{"rendered":"http:\/\/mcspa.org\/es\/?p=3288"},"modified":"2019-01-25T16:14:03","modified_gmt":"2019-01-25T14:14:03","slug":"la-conversion-de-san-pablo","status":"publish","type":"post","link":"https:\/\/mcspa.org\/es\/la-conversion-de-san-pablo\/","title":{"rendered":"La conversi\u00f3n de San Pablo"},"content":{"rendered":"<p>La fiesta de hoy, la conversi\u00f3n de San Pablo, es un d\u00eda importante para la Comunidad Misionera de San Pablo Ap\u00f3stol. Tambi\u00e9n fue un d\u00eda importante para nuestro fundador, el P. Francisco Andreo, en este d\u00eda comenz\u00f3 su viaje rumbo al sacerdocio. Que el ap\u00f3stol San Pablo, nuestro santo patr\u00f3n, nos inspire en nuestro camino hacia la conversi\u00f3n y nos llene con su celo misionero.<\/p>\n","protected":false},"excerpt":{"rendered":"<p>La fiesta de hoy, la conversi\u00f3n de San Pablo, es un d\u00eda importante para la Comunidad Misionera de San Pablo Ap\u00f3stol. Tambi\u00e9n fue un d\u00eda importante para nuestro fundador, el P. Francisco Andreo, en este d\u00eda comenz\u00f3 su viaje rumbo al sacerdocio. Que el ap\u00f3stol San Pablo, nuestro santo patr\u00f3n, nos inspire en nuestro camino [&hellip;]<\/p>\n","protected":false},"author":5,"featured_media":4844,"comment_status":"open","ping_status":"open","sticky":false,"template":"","format":"standard","meta":{"footnotes":""},"categories":[110],"tags":[86,100,92,87,149],"class_list":["post-4843","post","type-post","status-publish","format-standard","has-post-thumbnail","hentry","category-noticias","tag-comunidad-misionera-de-san-pablo-apostol","tag-cuerno-de-africa","tag-iglesia-catolica","tag-mcspa","tag-san-pablo"],"yoast_head":"<!-- This site is optimized with the Yoast SEO plugin v27.2 - https:\/\/yoast.com\/product\/yoast-seo-wordpress\/ -->\n<title>La conversi\u00f3n de San Pablo - Comunidad misionera de San Pablo Apostol - MCSPA<\/title>\n<meta name=\"robots\" content=\"index, follow, max-snippet:-1, max-image-preview:large, max-video-preview:-1\" \/>\n<link rel=\"canonical\" href=\"https:\/\/mcspa.org\/es\/la-conversion-de-san-pablo\/\" \/>\n<meta property=\"og:locale\" content=\"es_ES\" \/>\n<meta property=\"og:type\" content=\"article\" \/>\n<meta property=\"og:title\" content=\"La conversi\u00f3n de San Pablo - Comunidad misionera de San Pablo Apostol - MCSPA\" \/>\n<meta property=\"og:description\" content=\"La fiesta de hoy, la conversi\u00f3n de San Pablo, es un d\u00eda importante para la Comunidad Misionera de San Pablo Ap\u00f3stol. Tambi\u00e9n fue un d\u00eda importante para nuestro fundador, el P. Francisco Andreo, en este d\u00eda comenz\u00f3 su viaje rumbo al sacerdocio. Que el ap\u00f3stol San Pablo, nuestro santo patr\u00f3n, nos inspire en nuestro camino [&hellip;]\" \/>\n<meta property=\"og:url\" content=\"https:\/\/mcspa.org\/es\/la-conversion-de-san-pablo\/\" \/>\n<meta property=\"og:site_name\" content=\"Comunidad misionera de San Pablo Apostol - MCSPA\" \/>\n<meta property=\"article:publisher\" content=\"https:\/\/www.facebook.com\/mcspa\" \/>\n<meta property=\"article:published_time\" content=\"2019-01-25T14:14:03+00:00\" \/>\n<meta property=\"og:image\" content=\"https:\/\/mcspa.org\/wp-content\/uploads\/2019\/01\/Foto-nota-San-Pablo.jpg\" \/>\n\t<meta property=\"og:image:width\" content=\"734\" \/>\n\t<meta property=\"og:image:height\" content=\"1024\" \/>\n\t<meta property=\"og:image:type\" content=\"image\/jpeg\" \/>\n<meta name=\"author\" content=\"blanca\" \/>\n<meta name=\"twitter:card\" content=\"summary_large_image\" \/>\n<meta name=\"twitter:creator\" content=\"@mcspa_org\" \/>\n<meta name=\"twitter:site\" content=\"@mcspa_org\" \/>\n<meta name=\"twitter:label1\" content=\"Escrito por\" \/>\n\t<meta name=\"twitter:data1\" content=\"blanca\" \/>\n<script type=\"application\/ld+json\" class=\"yoast-schema-graph\">{\"@context\":\"https:\/\/schema.org\",\"@graph\":[{\"@type\":\"Article\",\"@id\":\"https:\/\/mcspa.org\/es\/la-conversion-de-san-pablo\/#article\",\"isPartOf\":{\"@id\":\"https:\/\/mcspa.org\/es\/la-conversion-de-san-pablo\/\"},\"author\":{\"name\":\"blanca\",\"@id\":\"https:\/\/mcspa.org\/#\/schema\/person\/ad31b697728b47f412550966c21f7705\"},\"headline\":\"La conversi\u00f3n de San Pablo\",\"datePublished\":\"2019-01-25T14:14:03+00:00\",\"mainEntityOfPage\":{\"@id\":\"https:\/\/mcspa.org\/es\/la-conversion-de-san-pablo\/\"},\"wordCount\":80,\"commentCount\":0,\"publisher\":{\"@id\":\"https:\/\/mcspa.org\/#organization\"},\"image\":{\"@id\":\"https:\/\/mcspa.org\/es\/la-conversion-de-san-pablo\/#primaryimage\"},\"thumbnailUrl\":\"https:\/\/mcspa.org\/wp-content\/uploads\/2019\/01\/Foto-nota-San-Pablo.jpg\",\"keywords\":[\"comunidad misionera de san pablo apostol\",\"cuerno de africa\",\"iglesia catolica\",\"mcspa\",\"San Pablo\"],\"articleSection\":[\"Noticias\"],\"inLanguage\":\"es\",\"potentialAction\":[{\"@type\":\"CommentAction\",\"name\":\"Comment\",\"target\":[\"https:\/\/mcspa.org\/es\/la-conversion-de-san-pablo\/#respond\"]}]},{\"@type\":\"WebPage\",\"@id\":\"https:\/\/mcspa.org\/es\/la-conversion-de-san-pablo\/\",\"url\":\"https:\/\/mcspa.org\/es\/la-conversion-de-san-pablo\/\",\"name\":\"La conversi\u00f3n de San Pablo - Comunidad misionera de San Pablo Apostol - MCSPA\",\"isPartOf\":{\"@id\":\"https:\/\/mcspa.org\/#website\"},\"primaryImageOfPage\":{\"@id\":\"https:\/\/mcspa.org\/es\/la-conversion-de-san-pablo\/#primaryimage\"},\"image\":{\"@id\":\"https:\/\/mcspa.org\/es\/la-conversion-de-san-pablo\/#primaryimage\"},\"thumbnailUrl\":\"https:\/\/mcspa.org\/wp-content\/uploads\/2019\/01\/Foto-nota-San-Pablo.jpg\",\"datePublished\":\"2019-01-25T14:14:03+00:00\",\"breadcrumb\":{\"@id\":\"https:\/\/mcspa.org\/es\/la-conversion-de-san-pablo\/#breadcrumb\"},\"inLanguage\":\"es\",\"potentialAction\":[{\"@type\":\"ReadAction\",\"target\":[\"https:\/\/mcspa.org\/es\/la-conversion-de-san-pablo\/\"]}]},{\"@type\":\"ImageObject\",\"inLanguage\":\"es\",\"@id\":\"https:\/\/mcspa.org\/es\/la-conversion-de-san-pablo\/#primaryimage\",\"url\":\"https:\/\/mcspa.org\/wp-content\/uploads\/2019\/01\/Foto-nota-San-Pablo.jpg\",\"contentUrl\":\"https:\/\/mcspa.org\/wp-content\/uploads\/2019\/01\/Foto-nota-San-Pablo.jpg\",\"width\":734,\"height\":1024},{\"@type\":\"BreadcrumbList\",\"@id\":\"https:\/\/mcspa.org\/es\/la-conversion-de-san-pablo\/#breadcrumb\",\"itemListElement\":[{\"@type\":\"ListItem\",\"position\":1,\"name\":\"Portada\",\"item\":\"https:\/\/mcspa.org\/es\/agency-homepage\/\"},{\"@type\":\"ListItem\",\"position\":2,\"name\":\"La conversi\u00f3n de San Pablo\"}]},{\"@type\":\"WebSite\",\"@id\":\"https:\/\/mcspa.org\/#website\",\"url\":\"https:\/\/mcspa.org\/\",\"name\":\"Comunidad misionera de San Pablo Apostol - MCSPA\",\"description\":\"\",\"publisher\":{\"@id\":\"https:\/\/mcspa.org\/#organization\"},\"potentialAction\":[{\"@type\":\"SearchAction\",\"target\":{\"@type\":\"EntryPoint\",\"urlTemplate\":\"https:\/\/mcspa.org\/?s={search_term_string}\"},\"query-input\":{\"@type\":\"PropertyValueSpecification\",\"valueRequired\":true,\"valueName\":\"search_term_string\"}}],\"inLanguage\":\"es\"},{\"@type\":\"Organization\",\"@id\":\"https:\/\/mcspa.org\/#organization\",\"name\":\"Missionary Community of St. Paul the Apostle - MCSPA\",\"url\":\"https:\/\/mcspa.org\/\",\"logo\":{\"@type\":\"ImageObject\",\"inLanguage\":\"es\",\"@id\":\"https:\/\/mcspa.org\/#\/schema\/logo\/image\/\",\"url\":\"https:\/\/mcspa.org\/wp-content\/uploads\/2022\/11\/MCSPA-logo-english.png\",\"contentUrl\":\"https:\/\/mcspa.org\/wp-content\/uploads\/2022\/11\/MCSPA-logo-english.png\",\"width\":3614,\"height\":1244,\"caption\":\"Missionary Community of St. Paul the Apostle - MCSPA\"},\"image\":{\"@id\":\"https:\/\/mcspa.org\/#\/schema\/logo\/image\/\"},\"sameAs\":[\"https:\/\/www.facebook.com\/mcspa\",\"https:\/\/x.com\/mcspa_org\",\"https:\/\/www.instagram.com\/mcspa_mmc\/\",\"https:\/\/www.youtube.com\/channel\/UC1df8SuPOPbFtMhlokt9gZQ\",\"https:\/\/www.youtube.com\/c\/MCSPA\"]},{\"@type\":\"Person\",\"@id\":\"https:\/\/mcspa.org\/#\/schema\/person\/ad31b697728b47f412550966c21f7705\",\"name\":\"blanca\",\"image\":{\"@type\":\"ImageObject\",\"inLanguage\":\"es\",\"@id\":\"https:\/\/secure.gravatar.com\/avatar\/36524df99350111b0008212ca147043679c24cf1ec38ec6d924e879d89b0b785?s=96&d=mm&r=g\",\"url\":\"https:\/\/secure.gravatar.com\/avatar\/36524df99350111b0008212ca147043679c24cf1ec38ec6d924e879d89b0b785?s=96&d=mm&r=g\",\"contentUrl\":\"https:\/\/secure.gravatar.com\/avatar\/36524df99350111b0008212ca147043679c24cf1ec38ec6d924e879d89b0b785?s=96&d=mm&r=g\",\"caption\":\"blanca\"},\"url\":\"https:\/\/mcspa.org\/es\/author\/blanca\/\"}]}<\/script>\n<!-- \/ Yoast SEO plugin. -->","yoast_head_json":{"title":"La conversi\u00f3n de San Pablo - Comunidad misionera de San Pablo Apostol - MCSPA","robots":{"index":"index","follow":"follow","max-snippet":"max-snippet:-1","max-image-preview":"max-image-preview:large","max-video-preview":"max-video-preview:-1"},"canonical":"https:\/\/mcspa.org\/es\/la-conversion-de-san-pablo\/","og_locale":"es_ES","og_type":"article","og_title":"La conversi\u00f3n de San Pablo - Comunidad misionera de San Pablo Apostol - MCSPA","og_description":"La fiesta de hoy, la conversi\u00f3n de San Pablo, es un d\u00eda importante para la Comunidad Misionera de San Pablo Ap\u00f3stol. Tambi\u00e9n fue un d\u00eda importante para nuestro fundador, el P. Francisco Andreo, en este d\u00eda comenz\u00f3 su viaje rumbo al sacerdocio. Que el ap\u00f3stol San Pablo, nuestro santo patr\u00f3n, nos inspire en nuestro camino [&hellip;]","og_url":"https:\/\/mcspa.org\/es\/la-conversion-de-san-pablo\/","og_site_name":"Comunidad misionera de San Pablo Apostol - MCSPA","article_publisher":"https:\/\/www.facebook.com\/mcspa","article_published_time":"2019-01-25T14:14:03+00:00","og_image":[{"width":734,"height":1024,"url":"https:\/\/mcspa.org\/wp-content\/uploads\/2019\/01\/Foto-nota-San-Pablo.jpg","type":"image\/jpeg"}],"author":"blanca","twitter_card":"summary_large_image","twitter_creator":"@mcspa_org","twitter_site":"@mcspa_org","twitter_misc":{"Escrito por":"blanca"},"schema":{"@context":"https:\/\/schema.org","@graph":[{"@type":"Article","@id":"https:\/\/mcspa.org\/es\/la-conversion-de-san-pablo\/#article","isPartOf":{"@id":"https:\/\/mcspa.org\/es\/la-conversion-de-san-pablo\/"},"author":{"name":"blanca","@id":"https:\/\/mcspa.org\/#\/schema\/person\/ad31b697728b47f412550966c21f7705"},"headline":"La conversi\u00f3n de San Pablo","datePublished":"2019-01-25T14:14:03+00:00","mainEntityOfPage":{"@id":"https:\/\/mcspa.org\/es\/la-conversion-de-san-pablo\/"},"wordCount":80,"commentCount":0,"publisher":{"@id":"https:\/\/mcspa.org\/#organization"},"image":{"@id":"https:\/\/mcspa.org\/es\/la-conversion-de-san-pablo\/#primaryimage"},"thumbnailUrl":"https:\/\/mcspa.org\/wp-content\/uploads\/2019\/01\/Foto-nota-San-Pablo.jpg","keywords":["comunidad misionera de san pablo apostol","cuerno de africa","iglesia catolica","mcspa","San Pablo"],"articleSection":["Noticias"],"inLanguage":"es","potentialAction":[{"@type":"CommentAction","name":"Comment","target":["https:\/\/mcspa.org\/es\/la-conversion-de-san-pablo\/#respond"]}]},{"@type":"WebPage","@id":"https:\/\/mcspa.org\/es\/la-conversion-de-san-pablo\/","url":"https:\/\/mcspa.org\/es\/la-conversion-de-san-pablo\/","name":"La conversi\u00f3n de San Pablo - Comunidad misionera de San Pablo Apostol - MCSPA","isPartOf":{"@id":"https:\/\/mcspa.org\/#website"},"primaryImageOfPage":{"@id":"https:\/\/mcspa.org\/es\/la-conversion-de-san-pablo\/#primaryimage"},"image":{"@id":"https:\/\/mcspa.org\/es\/la-conversion-de-san-pablo\/#primaryimage"},"thumbnailUrl":"https:\/\/mcspa.org\/wp-content\/uploads\/2019\/01\/Foto-nota-San-Pablo.jpg","datePublished":"2019-01-25T14:14:03+00:00","breadcrumb":{"@id":"https:\/\/mcspa.org\/es\/la-conversion-de-san-pablo\/#breadcrumb"},"inLanguage":"es","potentialAction":[{"@type":"ReadAction","target":["https:\/\/mcspa.org\/es\/la-conversion-de-san-pablo\/"]}]},{"@type":"ImageObject","inLanguage":"es","@id":"https:\/\/mcspa.org\/es\/la-conversion-de-san-pablo\/#primaryimage","url":"https:\/\/mcspa.org\/wp-content\/uploads\/2019\/01\/Foto-nota-San-Pablo.jpg","contentUrl":"https:\/\/mcspa.org\/wp-content\/uploads\/2019\/01\/Foto-nota-San-Pablo.jpg","width":734,"height":1024},{"@type":"BreadcrumbList","@id":"https:\/\/mcspa.org\/es\/la-conversion-de-san-pablo\/#breadcrumb","itemListElement":[{"@type":"ListItem","position":1,"name":"Portada","item":"https:\/\/mcspa.org\/es\/agency-homepage\/"},{"@type":"ListItem","position":2,"name":"La conversi\u00f3n de San Pablo"}]},{"@type":"WebSite","@id":"https:\/\/mcspa.org\/#website","url":"https:\/\/mcspa.org\/","name":"Comunidad misionera de San Pablo Apostol - MCSPA","description":"","publisher":{"@id":"https:\/\/mcspa.org\/#organization"},"potentialAction":[{"@type":"SearchAction","target":{"@type":"EntryPoint","urlTemplate":"https:\/\/mcspa.org\/?s={search_term_string}"},"query-input":{"@type":"PropertyValueSpecification","valueRequired":true,"valueName":"search_term_string"}}],"inLanguage":"es"},{"@type":"Organization","@id":"https:\/\/mcspa.org\/#organization","name":"Missionary Community of St. Paul the Apostle - MCSPA","url":"https:\/\/mcspa.org\/","logo":{"@type":"ImageObject","inLanguage":"es","@id":"https:\/\/mcspa.org\/#\/schema\/logo\/image\/","url":"https:\/\/mcspa.org\/wp-content\/uploads\/2022\/11\/MCSPA-logo-english.png","contentUrl":"https:\/\/mcspa.org\/wp-content\/uploads\/2022\/11\/MCSPA-logo-english.png","width":3614,"height":1244,"caption":"Missionary Community of St. Paul the Apostle - MCSPA"},"image":{"@id":"https:\/\/mcspa.org\/#\/schema\/logo\/image\/"},"sameAs":["https:\/\/www.facebook.com\/mcspa","https:\/\/x.com\/mcspa_org","https:\/\/www.instagram.com\/mcspa_mmc\/","https:\/\/www.youtube.com\/channel\/UC1df8SuPOPbFtMhlokt9gZQ","https:\/\/www.youtube.com\/c\/MCSPA"]},{"@type":"Person","@id":"https:\/\/mcspa.org\/#\/schema\/person\/ad31b697728b47f412550966c21f7705","name":"blanca","image":{"@type":"ImageObject","inLanguage":"es","@id":"https:\/\/secure.gravatar.com\/avatar\/36524df99350111b0008212ca147043679c24cf1ec38ec6d924e879d89b0b785?s=96&d=mm&r=g","url":"https:\/\/secure.gravatar.com\/avatar\/36524df99350111b0008212ca147043679c24cf1ec38ec6d924e879d89b0b785?s=96&d=mm&r=g","contentUrl":"https:\/\/secure.gravatar.com\/avatar\/36524df99350111b0008212ca147043679c24cf1ec38ec6d924e879d89b0b785?s=96&d=mm&r=g","caption":"blanca"},"url":"https:\/\/mcspa.org\/es\/author\/blanca\/"}]}},"_links":{"self":[{"href":"https:\/\/mcspa.org\/es\/wp-json\/wp\/v2\/posts\/4843","targetHints":{"allow":["GET"]}}],"collection":[{"href":"https:\/\/mcspa.org\/es\/wp-json\/wp\/v2\/posts"}],"about":[{"href":"https:\/\/mcspa.org\/es\/wp-json\/wp\/v2\/types\/post"}],"author":[{"embeddable":true,"href":"https:\/\/mcspa.org\/es\/wp-json\/wp\/v2\/users\/5"}],"replies":[{"embeddable":true,"href":"https:\/\/mcspa.org\/es\/wp-json\/wp\/v2\/comments?post=4843"}],"version-history":[{"count":0,"href":"https:\/\/mcspa.org\/es\/wp-json\/wp\/v2\/posts\/4843\/revisions"}],"wp:featuredmedia":[{"embeddable":true,"href":"https:\/\/mcspa.org\/es\/wp-json\/wp\/v2\/media\/4844"}],"wp:attachment":[{"href":"https:\/\/mcspa.org\/es\/wp-json\/wp\/v2\/media?parent=4843"}],"wp:term":[{"taxonomy":"category","embeddable":true,"href":"https:\/\/mcspa.org\/es\/wp-json\/wp\/v2\/categories?post=4843"},{"taxonomy":"post_tag","embeddable":true,"href":"https:\/\/mcspa.org\/es\/wp-json\/wp\/v2\/tags?post=4843"}],"curies":[{"name":"wp","href":"https:\/\/api.w.org\/{rel}","templated":true}]}}