{"id":4833,"date":"2019-06-05T16:15:41","date_gmt":"2019-06-05T14:15:41","guid":{"rendered":"http:\/\/mcspa.org\/es\/?p=3372"},"modified":"2019-06-05T16:15:41","modified_gmt":"2019-06-05T14:15:41","slug":"el-poder-de-la-visitacion","status":"publish","type":"post","link":"https:\/\/mcspa.org\/es\/el-poder-de-la-visitacion\/","title":{"rendered":"El PODER DE LA VISITACI\u00d3N."},"content":{"rendered":"<p>El pasado d\u00eda 30 de mayo, d\u00eda de la Fiesta de la Visitaci\u00f3n de la Virgen a Isabel, un grupo de campesinos de los poblados de Arkiso y Gore Ketema en el altiplano et\u00edope visitaron el poblado de Jebene, donde la MCSPA est\u00e1 presente desde 2014.<\/p>\n<p>Con gran expectaci\u00f3n los campesinos caminaron hasta el Centro materno Infantil San Jos\u00e9 donde dos veh\u00edculos les esperaban para desplazarse a Jebene, a 20 km de distancia por caminos de piedra y tierra. En Jebene la MCSPA empez\u00f3 en 2014 excavando pozos manuales y organizando cursos de agricultura de huertos familiares a petici\u00f3n de hombres y mujeres, que, viendo el huerto del Centro Materno Infantil en Muketuri se interesaron en producir alimento en la \u00e9poca seca . Desde entonces 70 campesinos, hombres y mujeres han tomado el curso, y, en 2016 se perfor\u00f3 un pozo a 60 metros de profundidad para dar agua a las familias, y, m\u00e1s tarde instalar un bomba solar y riego por goteo a una parcela de 1.000 m2. En este proyecto han participado la Fundaci\u00f3n Emalaikat, Arcadia Motions Pictures, la Universidad Aut\u00f3noma de Madrid \u00a0y la Fundac\u00edon Harena.<\/p>\n<p>El secreto del bueno funcionamiento de \u00a0esta comunidad es la presencia de un hombre extraordinario, Tibabew, que significa \u201csabidur\u00eda\u201d, due\u00f1o de la tierra donde se realiza el proyecto. Un hombre reconocido por todos como \u201cun buen hombre\u201d. En 2018 \u00e9l mismo ofreci\u00f3 donar m\u00e1s tierra para que m\u00e1s campesinos pudieran disfrutar del riego por goteo, donde se producen cebollas, calabacines, coles, espinacas, zanahorias, remolachas, durante todo el a\u00f1o. Esto supone un cambio enorme en una sociedad en la que s\u00f3lo se produc\u00edan cereales en la \u00e9poca de lluvia, tres meses al a\u00f1o. Ahora disfrutan de 3 cosechas al a\u00f1o, que comparten entre las familias del lugar, para su consumo, y han empezado a vender verduras en los mercados locales aleda\u00f1os.<\/p>\n<p>Adem\u00e1s, \u00a0en 2018 se puso en marcha un comedor para ni\u00f1os menores de7 a\u00f1os y mujeres en embarazadas, para poco a poco, contribuir a un crecimiento con una nutrici\u00f3n apropiada.<\/p>\n<p>Los hombres y mujeres de Arkiso y Gore Ketema, donde se ha empezado el mismo proyecto pudieron ver los resultados de un comunidad bien organizada y solidaria.<\/p>\n<p>Tibebew estaba orgulloso de poder explicar c\u00f3mo comparten las verduras producidas y como \u00e9l mismo, cada ma\u00f1ana va al huerto y cosecha para el comedor.<\/p>\n<p>Fue un encuentro lleno de optimismo y esperanza, \u00a0pero tambi\u00e9n un gran reto para los visitantes. Todos se alegraron de ver el fruto del esfuerzo y compartieron su lucha por mejorar su situaci\u00f3n y la de sus hijos. \u00a1C\u00f3mo Mar\u00eda e Isabel en el Evangelio!<\/p>\n<p>Las mujeres de Jebene prepararon comida para todos, mataron una oveja, y se compartieron los panes que los visitantes trajeron desde sus poblados.<\/p>\n<p>No pudo faltar la ceremonia del caf\u00e9, donde lideres de cada lugar dieron las gracias por el encuentro.<\/p>\n<p>Se conocieron, compartieron experiencias, se animaron: se visitaron.<\/p>\n<p>Muchos expresaron su deseo de repetir la expriecia, y que los campesinos se visiten entre las diferentes comunidades.<\/p>\n<p>Si es posbile en Jebene, lo ser\u00e1 en Arkiso y en Gore Ketema!!! Y, esperemos que en muchos m\u00e1s poblados!<\/p>\n<p>Lourdes Larruy &#8211; MCSPA<\/p>\n<p><a href=\"http:\/\/mcspa.org\/es\/wp-content\/uploads\/2019\/06\/Unknown-5.jpeg\"><img loading=\"lazy\" decoding=\"async\" class=\"alignnone size-medium wp-image-3371\" src=\"http:\/\/mcspa.org\/es\/wp-content\/uploads\/2019\/06\/Unknown-5-300x225.jpeg\" alt=\"\" width=\"300\" height=\"225\" \/><\/a><\/p>\n<p>&nbsp;<\/p>\n<p><a href=\"http:\/\/mcspa.org\/es\/wp-content\/uploads\/2019\/06\/Unknown-2-1.jpeg\"><img loading=\"lazy\" decoding=\"async\" class=\"alignnone size-medium wp-image-3369\" src=\"http:\/\/mcspa.org\/es\/wp-content\/uploads\/2019\/06\/Unknown-2-1-300x225.jpeg\" alt=\"\" width=\"300\" height=\"225\" \/><\/a><a href=\"http:\/\/mcspa.org\/es\/wp-content\/uploads\/2019\/06\/Unknown-1-1.jpeg\"><img loading=\"lazy\" decoding=\"async\" class=\"alignnone size-medium wp-image-3370\" src=\"http:\/\/mcspa.org\/es\/wp-content\/uploads\/2019\/06\/Unknown-1-1-300x225.jpeg\" alt=\"\" width=\"300\" height=\"225\" srcset=\"https:\/\/mcspa.org\/wp-content\/uploads\/2019\/06\/Unknown-1-1-300x225.jpeg 300w, https:\/\/mcspa.org\/wp-content\/uploads\/2019\/06\/Unknown-1-1-1024x768.jpeg 1024w, https:\/\/mcspa.org\/wp-content\/uploads\/2019\/06\/Unknown-1-1-768x576.jpeg 768w, https:\/\/mcspa.org\/wp-content\/uploads\/2019\/06\/Unknown-1-1.jpeg 1280w\" sizes=\"auto, (max-width: 300px) 100vw, 300px\" \/><\/a><\/p>\n<p><a href=\"http:\/\/mcspa.org\/es\/wp-content\/uploads\/2019\/06\/Unknown-3-1.jpeg\"><img loading=\"lazy\" decoding=\"async\" class=\"alignnone size-medium wp-image-3368\" src=\"http:\/\/mcspa.org\/es\/wp-content\/uploads\/2019\/06\/Unknown-3-1-300x225.jpeg\" alt=\"\" width=\"300\" height=\"225\" \/><\/a><\/p>\n<p><a href=\"http:\/\/mcspa.org\/es\/wp-content\/uploads\/2019\/06\/Unknown-4-1.jpeg\"><img loading=\"lazy\" decoding=\"async\" class=\"alignnone size-medium wp-image-3367\" src=\"http:\/\/mcspa.org\/es\/wp-content\/uploads\/2019\/06\/Unknown-4-1-300x225.jpeg\" alt=\"\" width=\"300\" height=\"225\" \/><\/a><\/p>\n<p>&nbsp;<\/p>\n<p>&nbsp;<\/p>\n<p>&nbsp;<\/p>\n","protected":false},"excerpt":{"rendered":"<p>El pasado d\u00eda 30 de mayo, d\u00eda de la Fiesta de la Visitaci\u00f3n de la Virgen a Isabel, un grupo de campesinos de los poblados de Arkiso y Gore Ketema en el altiplano et\u00edope visitaron el poblado de Jebene, donde la MCSPA est\u00e1 presente desde 2014. Con gran expectaci\u00f3n los campesinos caminaron hasta el Centro [&hellip;]<\/p>\n","protected":false},"author":1,"featured_media":3370,"comment_status":"open","ping_status":"open","sticky":false,"template":"","format":"standard","meta":{"footnotes":""},"categories":[110],"tags":[152,87,151],"class_list":["post-4833","post","type-post","status-publish","format-standard","has-post-thumbnail","hentry","category-noticias","tag-agriculture","tag-mcspa","tag-missionary-community-of-st-paul-the-apostle"],"yoast_head":"<!-- This site is optimized with the Yoast SEO plugin v27.2 - https:\/\/yoast.com\/product\/yoast-seo-wordpress\/ -->\n<title>El PODER DE LA VISITACI\u00d3N. - Comunidad misionera de San Pablo Apostol - MCSPA<\/title>\n<meta name=\"robots\" content=\"index, follow, max-snippet:-1, max-image-preview:large, max-video-preview:-1\" \/>\n<link rel=\"canonical\" href=\"https:\/\/mcspa.org\/es\/el-poder-de-la-visitacion\/\" \/>\n<meta property=\"og:locale\" content=\"es_ES\" \/>\n<meta property=\"og:type\" content=\"article\" \/>\n<meta property=\"og:title\" content=\"El PODER DE LA VISITACI\u00d3N. - Comunidad misionera de San Pablo Apostol - MCSPA\" \/>\n<meta property=\"og:description\" content=\"El pasado d\u00eda 30 de mayo, d\u00eda de la Fiesta de la Visitaci\u00f3n de la Virgen a Isabel, un grupo de campesinos de los poblados de Arkiso y Gore Ketema en el altiplano et\u00edope visitaron el poblado de Jebene, donde la MCSPA est\u00e1 presente desde 2014. Con gran expectaci\u00f3n los campesinos caminaron hasta el Centro [&hellip;]\" \/>\n<meta property=\"og:url\" content=\"https:\/\/mcspa.org\/es\/el-poder-de-la-visitacion\/\" \/>\n<meta property=\"og:site_name\" content=\"Comunidad misionera de San Pablo Apostol - MCSPA\" \/>\n<meta property=\"article:publisher\" content=\"https:\/\/www.facebook.com\/mcspa\" \/>\n<meta property=\"article:published_time\" content=\"2019-06-05T14:15:41+00:00\" \/>\n<meta property=\"og:image\" content=\"https:\/\/mcspa.org\/wp-content\/uploads\/2019\/06\/Unknown-1-1.jpeg\" \/>\n\t<meta property=\"og:image:width\" content=\"1280\" \/>\n\t<meta property=\"og:image:height\" content=\"960\" \/>\n\t<meta property=\"og:image:type\" content=\"image\/jpeg\" \/>\n<meta name=\"author\" content=\"admin\" \/>\n<meta name=\"twitter:card\" content=\"summary_large_image\" \/>\n<meta name=\"twitter:creator\" content=\"@mcspa_org\" \/>\n<meta name=\"twitter:site\" content=\"@mcspa_org\" \/>\n<meta name=\"twitter:label1\" content=\"Escrito por\" \/>\n\t<meta name=\"twitter:data1\" content=\"admin\" \/>\n\t<meta name=\"twitter:label2\" content=\"Tiempo de lectura\" \/>\n\t<meta name=\"twitter:data2\" content=\"3 minutos\" \/>\n<script type=\"application\/ld+json\" class=\"yoast-schema-graph\">{\"@context\":\"https:\/\/schema.org\",\"@graph\":[{\"@type\":\"Article\",\"@id\":\"https:\/\/mcspa.org\/es\/el-poder-de-la-visitacion\/#article\",\"isPartOf\":{\"@id\":\"https:\/\/mcspa.org\/es\/el-poder-de-la-visitacion\/\"},\"author\":{\"name\":\"admin\",\"@id\":\"https:\/\/mcspa.org\/#\/schema\/person\/2f5eb11c9e80c673f8c6a8dc171499c7\"},\"headline\":\"El PODER DE LA VISITACI\u00d3N.\",\"datePublished\":\"2019-06-05T14:15:41+00:00\",\"mainEntityOfPage\":{\"@id\":\"https:\/\/mcspa.org\/es\/el-poder-de-la-visitacion\/\"},\"wordCount\":557,\"commentCount\":0,\"publisher\":{\"@id\":\"https:\/\/mcspa.org\/#organization\"},\"image\":{\"@id\":\"https:\/\/mcspa.org\/es\/el-poder-de-la-visitacion\/#primaryimage\"},\"thumbnailUrl\":\"https:\/\/mcspa.org\/wp-content\/uploads\/2019\/06\/Unknown-1-1.jpeg\",\"keywords\":[\"agriculture\",\"mcspa\",\"Missionary Community of St Paul the Apostle\"],\"articleSection\":[\"Noticias\"],\"inLanguage\":\"es\",\"potentialAction\":[{\"@type\":\"CommentAction\",\"name\":\"Comment\",\"target\":[\"https:\/\/mcspa.org\/es\/el-poder-de-la-visitacion\/#respond\"]}]},{\"@type\":\"WebPage\",\"@id\":\"https:\/\/mcspa.org\/es\/el-poder-de-la-visitacion\/\",\"url\":\"https:\/\/mcspa.org\/es\/el-poder-de-la-visitacion\/\",\"name\":\"El PODER DE LA VISITACI\u00d3N. - Comunidad misionera de San Pablo Apostol - MCSPA\",\"isPartOf\":{\"@id\":\"https:\/\/mcspa.org\/#website\"},\"primaryImageOfPage\":{\"@id\":\"https:\/\/mcspa.org\/es\/el-poder-de-la-visitacion\/#primaryimage\"},\"image\":{\"@id\":\"https:\/\/mcspa.org\/es\/el-poder-de-la-visitacion\/#primaryimage\"},\"thumbnailUrl\":\"https:\/\/mcspa.org\/wp-content\/uploads\/2019\/06\/Unknown-1-1.jpeg\",\"datePublished\":\"2019-06-05T14:15:41+00:00\",\"breadcrumb\":{\"@id\":\"https:\/\/mcspa.org\/es\/el-poder-de-la-visitacion\/#breadcrumb\"},\"inLanguage\":\"es\",\"potentialAction\":[{\"@type\":\"ReadAction\",\"target\":[\"https:\/\/mcspa.org\/es\/el-poder-de-la-visitacion\/\"]}]},{\"@type\":\"ImageObject\",\"inLanguage\":\"es\",\"@id\":\"https:\/\/mcspa.org\/es\/el-poder-de-la-visitacion\/#primaryimage\",\"url\":\"https:\/\/mcspa.org\/wp-content\/uploads\/2019\/06\/Unknown-1-1.jpeg\",\"contentUrl\":\"https:\/\/mcspa.org\/wp-content\/uploads\/2019\/06\/Unknown-1-1.jpeg\",\"width\":1280,\"height\":960},{\"@type\":\"BreadcrumbList\",\"@id\":\"https:\/\/mcspa.org\/es\/el-poder-de-la-visitacion\/#breadcrumb\",\"itemListElement\":[{\"@type\":\"ListItem\",\"position\":1,\"name\":\"Portada\",\"item\":\"https:\/\/mcspa.org\/es\/agency-homepage\/\"},{\"@type\":\"ListItem\",\"position\":2,\"name\":\"El PODER DE LA VISITACI\u00d3N.\"}]},{\"@type\":\"WebSite\",\"@id\":\"https:\/\/mcspa.org\/#website\",\"url\":\"https:\/\/mcspa.org\/\",\"name\":\"Comunidad misionera de San Pablo Apostol - MCSPA\",\"description\":\"\",\"publisher\":{\"@id\":\"https:\/\/mcspa.org\/#organization\"},\"potentialAction\":[{\"@type\":\"SearchAction\",\"target\":{\"@type\":\"EntryPoint\",\"urlTemplate\":\"https:\/\/mcspa.org\/?s={search_term_string}\"},\"query-input\":{\"@type\":\"PropertyValueSpecification\",\"valueRequired\":true,\"valueName\":\"search_term_string\"}}],\"inLanguage\":\"es\"},{\"@type\":\"Organization\",\"@id\":\"https:\/\/mcspa.org\/#organization\",\"name\":\"Missionary Community of St. Paul the Apostle - MCSPA\",\"url\":\"https:\/\/mcspa.org\/\",\"logo\":{\"@type\":\"ImageObject\",\"inLanguage\":\"es\",\"@id\":\"https:\/\/mcspa.org\/#\/schema\/logo\/image\/\",\"url\":\"https:\/\/mcspa.org\/wp-content\/uploads\/2022\/11\/MCSPA-logo-english.png\",\"contentUrl\":\"https:\/\/mcspa.org\/wp-content\/uploads\/2022\/11\/MCSPA-logo-english.png\",\"width\":3614,\"height\":1244,\"caption\":\"Missionary Community of St. Paul the Apostle - MCSPA\"},\"image\":{\"@id\":\"https:\/\/mcspa.org\/#\/schema\/logo\/image\/\"},\"sameAs\":[\"https:\/\/www.facebook.com\/mcspa\",\"https:\/\/x.com\/mcspa_org\",\"https:\/\/www.instagram.com\/mcspa_mmc\/\",\"https:\/\/www.youtube.com\/channel\/UC1df8SuPOPbFtMhlokt9gZQ\",\"https:\/\/www.youtube.com\/c\/MCSPA\"]},{\"@type\":\"Person\",\"@id\":\"https:\/\/mcspa.org\/#\/schema\/person\/2f5eb11c9e80c673f8c6a8dc171499c7\",\"name\":\"admin\",\"image\":{\"@type\":\"ImageObject\",\"inLanguage\":\"es\",\"@id\":\"https:\/\/secure.gravatar.com\/avatar\/97582bb2ff43871a012aff72ba79b146910b447f0a10cea17969ca02334f46ee?s=96&d=mm&r=g\",\"url\":\"https:\/\/secure.gravatar.com\/avatar\/97582bb2ff43871a012aff72ba79b146910b447f0a10cea17969ca02334f46ee?s=96&d=mm&r=g\",\"contentUrl\":\"https:\/\/secure.gravatar.com\/avatar\/97582bb2ff43871a012aff72ba79b146910b447f0a10cea17969ca02334f46ee?s=96&d=mm&r=g\",\"caption\":\"admin\"},\"url\":\"https:\/\/mcspa.org\/es\/author\/admin\/\"}]}<\/script>\n<!-- \/ Yoast SEO plugin. -->","yoast_head_json":{"title":"El PODER DE LA VISITACI\u00d3N. - Comunidad misionera de San Pablo Apostol - MCSPA","robots":{"index":"index","follow":"follow","max-snippet":"max-snippet:-1","max-image-preview":"max-image-preview:large","max-video-preview":"max-video-preview:-1"},"canonical":"https:\/\/mcspa.org\/es\/el-poder-de-la-visitacion\/","og_locale":"es_ES","og_type":"article","og_title":"El PODER DE LA VISITACI\u00d3N. - Comunidad misionera de San Pablo Apostol - MCSPA","og_description":"El pasado d\u00eda 30 de mayo, d\u00eda de la Fiesta de la Visitaci\u00f3n de la Virgen a Isabel, un grupo de campesinos de los poblados de Arkiso y Gore Ketema en el altiplano et\u00edope visitaron el poblado de Jebene, donde la MCSPA est\u00e1 presente desde 2014. Con gran expectaci\u00f3n los campesinos caminaron hasta el Centro [&hellip;]","og_url":"https:\/\/mcspa.org\/es\/el-poder-de-la-visitacion\/","og_site_name":"Comunidad misionera de San Pablo Apostol - MCSPA","article_publisher":"https:\/\/www.facebook.com\/mcspa","article_published_time":"2019-06-05T14:15:41+00:00","og_image":[{"width":1280,"height":960,"url":"https:\/\/mcspa.org\/wp-content\/uploads\/2019\/06\/Unknown-1-1.jpeg","type":"image\/jpeg"}],"author":"admin","twitter_card":"summary_large_image","twitter_creator":"@mcspa_org","twitter_site":"@mcspa_org","twitter_misc":{"Escrito por":"admin","Tiempo de lectura":"3 minutos"},"schema":{"@context":"https:\/\/schema.org","@graph":[{"@type":"Article","@id":"https:\/\/mcspa.org\/es\/el-poder-de-la-visitacion\/#article","isPartOf":{"@id":"https:\/\/mcspa.org\/es\/el-poder-de-la-visitacion\/"},"author":{"name":"admin","@id":"https:\/\/mcspa.org\/#\/schema\/person\/2f5eb11c9e80c673f8c6a8dc171499c7"},"headline":"El PODER DE LA VISITACI\u00d3N.","datePublished":"2019-06-05T14:15:41+00:00","mainEntityOfPage":{"@id":"https:\/\/mcspa.org\/es\/el-poder-de-la-visitacion\/"},"wordCount":557,"commentCount":0,"publisher":{"@id":"https:\/\/mcspa.org\/#organization"},"image":{"@id":"https:\/\/mcspa.org\/es\/el-poder-de-la-visitacion\/#primaryimage"},"thumbnailUrl":"https:\/\/mcspa.org\/wp-content\/uploads\/2019\/06\/Unknown-1-1.jpeg","keywords":["agriculture","mcspa","Missionary Community of St Paul the Apostle"],"articleSection":["Noticias"],"inLanguage":"es","potentialAction":[{"@type":"CommentAction","name":"Comment","target":["https:\/\/mcspa.org\/es\/el-poder-de-la-visitacion\/#respond"]}]},{"@type":"WebPage","@id":"https:\/\/mcspa.org\/es\/el-poder-de-la-visitacion\/","url":"https:\/\/mcspa.org\/es\/el-poder-de-la-visitacion\/","name":"El PODER DE LA VISITACI\u00d3N. - Comunidad misionera de San Pablo Apostol - MCSPA","isPartOf":{"@id":"https:\/\/mcspa.org\/#website"},"primaryImageOfPage":{"@id":"https:\/\/mcspa.org\/es\/el-poder-de-la-visitacion\/#primaryimage"},"image":{"@id":"https:\/\/mcspa.org\/es\/el-poder-de-la-visitacion\/#primaryimage"},"thumbnailUrl":"https:\/\/mcspa.org\/wp-content\/uploads\/2019\/06\/Unknown-1-1.jpeg","datePublished":"2019-06-05T14:15:41+00:00","breadcrumb":{"@id":"https:\/\/mcspa.org\/es\/el-poder-de-la-visitacion\/#breadcrumb"},"inLanguage":"es","potentialAction":[{"@type":"ReadAction","target":["https:\/\/mcspa.org\/es\/el-poder-de-la-visitacion\/"]}]},{"@type":"ImageObject","inLanguage":"es","@id":"https:\/\/mcspa.org\/es\/el-poder-de-la-visitacion\/#primaryimage","url":"https:\/\/mcspa.org\/wp-content\/uploads\/2019\/06\/Unknown-1-1.jpeg","contentUrl":"https:\/\/mcspa.org\/wp-content\/uploads\/2019\/06\/Unknown-1-1.jpeg","width":1280,"height":960},{"@type":"BreadcrumbList","@id":"https:\/\/mcspa.org\/es\/el-poder-de-la-visitacion\/#breadcrumb","itemListElement":[{"@type":"ListItem","position":1,"name":"Portada","item":"https:\/\/mcspa.org\/es\/agency-homepage\/"},{"@type":"ListItem","position":2,"name":"El PODER DE LA VISITACI\u00d3N."}]},{"@type":"WebSite","@id":"https:\/\/mcspa.org\/#website","url":"https:\/\/mcspa.org\/","name":"Comunidad misionera de San Pablo Apostol - MCSPA","description":"","publisher":{"@id":"https:\/\/mcspa.org\/#organization"},"potentialAction":[{"@type":"SearchAction","target":{"@type":"EntryPoint","urlTemplate":"https:\/\/mcspa.org\/?s={search_term_string}"},"query-input":{"@type":"PropertyValueSpecification","valueRequired":true,"valueName":"search_term_string"}}],"inLanguage":"es"},{"@type":"Organization","@id":"https:\/\/mcspa.org\/#organization","name":"Missionary Community of St. Paul the Apostle - MCSPA","url":"https:\/\/mcspa.org\/","logo":{"@type":"ImageObject","inLanguage":"es","@id":"https:\/\/mcspa.org\/#\/schema\/logo\/image\/","url":"https:\/\/mcspa.org\/wp-content\/uploads\/2022\/11\/MCSPA-logo-english.png","contentUrl":"https:\/\/mcspa.org\/wp-content\/uploads\/2022\/11\/MCSPA-logo-english.png","width":3614,"height":1244,"caption":"Missionary Community of St. Paul the Apostle - MCSPA"},"image":{"@id":"https:\/\/mcspa.org\/#\/schema\/logo\/image\/"},"sameAs":["https:\/\/www.facebook.com\/mcspa","https:\/\/x.com\/mcspa_org","https:\/\/www.instagram.com\/mcspa_mmc\/","https:\/\/www.youtube.com\/channel\/UC1df8SuPOPbFtMhlokt9gZQ","https:\/\/www.youtube.com\/c\/MCSPA"]},{"@type":"Person","@id":"https:\/\/mcspa.org\/#\/schema\/person\/2f5eb11c9e80c673f8c6a8dc171499c7","name":"admin","image":{"@type":"ImageObject","inLanguage":"es","@id":"https:\/\/secure.gravatar.com\/avatar\/97582bb2ff43871a012aff72ba79b146910b447f0a10cea17969ca02334f46ee?s=96&d=mm&r=g","url":"https:\/\/secure.gravatar.com\/avatar\/97582bb2ff43871a012aff72ba79b146910b447f0a10cea17969ca02334f46ee?s=96&d=mm&r=g","contentUrl":"https:\/\/secure.gravatar.com\/avatar\/97582bb2ff43871a012aff72ba79b146910b447f0a10cea17969ca02334f46ee?s=96&d=mm&r=g","caption":"admin"},"url":"https:\/\/mcspa.org\/es\/author\/admin\/"}]}},"_links":{"self":[{"href":"https:\/\/mcspa.org\/es\/wp-json\/wp\/v2\/posts\/4833","targetHints":{"allow":["GET"]}}],"collection":[{"href":"https:\/\/mcspa.org\/es\/wp-json\/wp\/v2\/posts"}],"about":[{"href":"https:\/\/mcspa.org\/es\/wp-json\/wp\/v2\/types\/post"}],"author":[{"embeddable":true,"href":"https:\/\/mcspa.org\/es\/wp-json\/wp\/v2\/users\/1"}],"replies":[{"embeddable":true,"href":"https:\/\/mcspa.org\/es\/wp-json\/wp\/v2\/comments?post=4833"}],"version-history":[{"count":0,"href":"https:\/\/mcspa.org\/es\/wp-json\/wp\/v2\/posts\/4833\/revisions"}],"wp:featuredmedia":[{"embeddable":true,"href":"https:\/\/mcspa.org\/es\/wp-json\/wp\/v2\/media\/3370"}],"wp:attachment":[{"href":"https:\/\/mcspa.org\/es\/wp-json\/wp\/v2\/media?parent=4833"}],"wp:term":[{"taxonomy":"category","embeddable":true,"href":"https:\/\/mcspa.org\/es\/wp-json\/wp\/v2\/categories?post=4833"},{"taxonomy":"post_tag","embeddable":true,"href":"https:\/\/mcspa.org\/es\/wp-json\/wp\/v2\/tags?post=4833"}],"curies":[{"name":"wp","href":"https:\/\/api.w.org\/{rel}","templated":true}]}}