{"id":4156,"date":"2022-02-18T03:10:05","date_gmt":"2022-02-18T01:10:05","guid":{"rendered":"https:\/\/mcspa.org\/es\/?p=4156"},"modified":"2022-02-18T03:10:05","modified_gmt":"2022-02-18T01:10:05","slug":"inauguracion-de-una-casa-y-capilla-de-la-mcspa-en-malawi","status":"publish","type":"post","link":"https:\/\/mcspa.org\/es\/inauguracion-de-una-casa-y-capilla-de-la-mcspa-en-malawi\/","title":{"rendered":"Inauguraci\u00f3n de una casa y capilla de la MCSPA en Malawi"},"content":{"rendered":"<p>El 12 de febrero de 2022, en Lilongwe, la capital de Malawi, fue la inauguraci\u00f3n oficial y bendici\u00f3n de la capilla y casa de la MCSPA. Celebr\u00f3 la ceremonia el reci\u00e9n instalado arzobispo George Desmond Tambala de la Archidi\u00f3cesis de Lilongwe. El acto tambi\u00e9n cont\u00f3 con la presencia del P. Martin, de la Sociedad Misionera de San Patricio; el p\u00e1rroco de San Kizito, Chigoneka, en cuyo territorio se encuentra la casa de la MCSPA, el P. Hodges Mzunga, secretario del obispo. Tambi\u00e9n asistieron familiares y amigos de los miembros y aprendices de la MCSPA en Malawi.<\/p>\n<p>Esta es la segunda vez que la MCSPA recibe la visita del nuevo arzobispo, la primera vez presidi\u00f3 la ceremonia de entrega de diplomas en la que 24 catequistas se graduaron de un curso de formaci\u00f3n de tres a\u00f1os en la parroquia de Benga.<\/p>\n<p>En su homil\u00eda durante la bendici\u00f3n de la capilla y la casa de Lilongwe, el arzobispo Tambala hizo hincapi\u00e9 en transformar nuestras casas en hogares donde prevalezcan las virtudes del amor y la reconciliaci\u00f3n. Adem\u00e1s, exhort\u00f3 a todos a estar preparados y dispuestos a salir de su zona de confort y hacerse presentes cuando los dem\u00e1s est\u00e1n necesitados.<\/p>\n<p>Durante la celebraci\u00f3n, el P. Manuel Hern\u00e1ndez, MCSPA, dijo: &#8220;Es importante que tengamos una casa de Dios decente en medio de nosotros, tanto para la oraci\u00f3n como para la meditaci\u00f3n personal&#8221;. Adem\u00e1s, el P. Fernando Aguirre, presidente de la MCSPA, agradeci\u00f3 a la familia y a los amigos de la MCSPA en Malawi por el constante apoyo prestado a la comunidad desde sus inicios en el pa\u00eds. Dijo que hay mucha esperanza para Malawi y que el futuro es brillante.<\/p>\n<p>En su discurso, el arzobispo Tambala dijo: &#8220;mi relaci\u00f3n con la MCSPA no empez\u00f3 ayer; los conoc\u00ed en mis d\u00edas de Nairobi, cuando era estudiante&#8221;. Recomend\u00f3 las obras de la MCSPA y les dese\u00f3 buena suerte en la archidi\u00f3cesis de Lilongwe mientras siguen promoviendo el evangelio a trav\u00e9s de sus diversas actividades.<\/p>\n<p>Este a\u00f1o, la MCSPA cumplir\u00e1 10 a\u00f1os desde su llegada a Malawi.<\/p>\n<p>Por Innocent Letasi Phiri, aprendiz de la MCSPA.<\/p>\n<p><img loading=\"lazy\" decoding=\"async\" class=\"alignnone size-medium wp-image-4172\" src=\"http:\/\/mcspa.org\/wp-content\/uploads\/2022\/02\/IMG-20220214-WA0000-1-300x169.jpg\" alt=\"\" width=\"300\" height=\"169\" \/><img loading=\"lazy\" decoding=\"async\" class=\"alignnone size-medium wp-image-4169\" src=\"http:\/\/mcspa.org\/wp-content\/uploads\/2022\/02\/IMG-20220215-WA0027-1-300x169.jpg\" alt=\"\" width=\"300\" height=\"169\" \/><img loading=\"lazy\" decoding=\"async\" class=\"alignnone size-medium wp-image-4163\" src=\"http:\/\/mcspa.org\/wp-content\/uploads\/2022\/02\/IMG-20220215-WA0006-1-300x225.jpg\" alt=\"\" width=\"300\" height=\"225\" \/><img loading=\"lazy\" decoding=\"async\" class=\"alignnone size-medium wp-image-4164\" src=\"http:\/\/mcspa.org\/wp-content\/uploads\/2022\/02\/IMG-20220215-WA0007-1-300x225.jpg\" alt=\"\" width=\"300\" height=\"225\" \/><img loading=\"lazy\" decoding=\"async\" class=\"alignnone size-medium wp-image-4167\" src=\"http:\/\/mcspa.org\/wp-content\/uploads\/2022\/02\/IMG-20220215-WA0015-1-300x169.jpg\" alt=\"\" width=\"300\" height=\"169\" \/><img loading=\"lazy\" decoding=\"async\" class=\"alignnone size-medium wp-image-4158\" src=\"http:\/\/mcspa.org\/wp-content\/uploads\/2022\/02\/IMG-20220214-WA0003-1-300x169.jpg\" alt=\"\" width=\"300\" height=\"169\" \/><img loading=\"lazy\" decoding=\"async\" class=\"alignnone size-medium wp-image-4168\" src=\"http:\/\/mcspa.org\/wp-content\/uploads\/2022\/02\/IMG-20220215-WA0022-1-300x169.jpg\" alt=\"\" width=\"300\" height=\"169\" \/><img loading=\"lazy\" decoding=\"async\" class=\"alignnone size-medium wp-image-4171\" src=\"http:\/\/mcspa.org\/wp-content\/uploads\/2022\/02\/IMG-20220215-WA0035-1-300x225.jpg\" alt=\"\" width=\"300\" height=\"225\" \/><img loading=\"lazy\" decoding=\"async\" class=\"alignnone size-medium wp-image-4170\" src=\"http:\/\/mcspa.org\/wp-content\/uploads\/2022\/02\/IMG-20220215-WA0034-1-300x225.jpg\" alt=\"\" width=\"300\" height=\"225\" \/><\/p>\n","protected":false},"excerpt":{"rendered":"<p>El 12 de febrero de 2022, en Lilongwe, la capital de Malawi, fue la inauguraci\u00f3n oficial y bendici\u00f3n de la capilla y casa de la MCSPA. Celebr\u00f3 la ceremonia el reci\u00e9n instalado arzobispo George Desmond Tambala de la Archidi\u00f3cesis de Lilongwe. El acto tambi\u00e9n cont\u00f3 con la presencia del P. Martin, de la Sociedad Misionera [&hellip;]<\/p>\n","protected":false},"author":5,"featured_media":4943,"comment_status":"open","ping_status":"open","sticky":false,"template":"","format":"standard","meta":{"footnotes":""},"categories":[110],"tags":[104,86,92,194,195,151],"class_list":["post-4156","post","type-post","status-publish","format-standard","has-post-thumbnail","hentry","category-noticias","tag-africa","tag-comunidad-misionera-de-san-pablo-apostol","tag-iglesia-catolica","tag-mcspa-benga","tag-mcspa-malawi","tag-missionary-community-of-st-paul-the-apostle"],"yoast_head":"<!-- This site is optimized with the Yoast SEO plugin v27.2 - https:\/\/yoast.com\/product\/yoast-seo-wordpress\/ -->\n<title>Inauguraci\u00f3n de una casa y capilla de la MCSPA en Malawi - Comunidad misionera de San Pablo Apostol - MCSPA<\/title>\n<meta name=\"robots\" content=\"index, follow, max-snippet:-1, max-image-preview:large, max-video-preview:-1\" \/>\n<link rel=\"canonical\" href=\"https:\/\/mcspa.org\/es\/inauguracion-de-una-casa-y-capilla-de-la-mcspa-en-malawi\/\" \/>\n<meta property=\"og:locale\" content=\"es_ES\" \/>\n<meta property=\"og:type\" content=\"article\" \/>\n<meta property=\"og:title\" content=\"Inauguraci\u00f3n de una casa y capilla de la MCSPA en Malawi - Comunidad misionera de San Pablo Apostol - MCSPA\" \/>\n<meta property=\"og:description\" content=\"El 12 de febrero de 2022, en Lilongwe, la capital de Malawi, fue la inauguraci\u00f3n oficial y bendici\u00f3n de la capilla y casa de la MCSPA. Celebr\u00f3 la ceremonia el reci\u00e9n instalado arzobispo George Desmond Tambala de la Archidi\u00f3cesis de Lilongwe. El acto tambi\u00e9n cont\u00f3 con la presencia del P. Martin, de la Sociedad Misionera [&hellip;]\" \/>\n<meta property=\"og:url\" content=\"https:\/\/mcspa.org\/es\/inauguracion-de-una-casa-y-capilla-de-la-mcspa-en-malawi\/\" \/>\n<meta property=\"og:site_name\" content=\"Comunidad misionera de San Pablo Apostol - MCSPA\" \/>\n<meta property=\"article:publisher\" content=\"https:\/\/www.facebook.com\/mcspa\" \/>\n<meta property=\"article:published_time\" content=\"2022-02-18T01:10:05+00:00\" \/>\n<meta property=\"og:image\" content=\"https:\/\/mcspa.org\/wp-content\/uploads\/2022\/02\/IMG-20220215-WA0027-1.jpg\" \/>\n\t<meta property=\"og:image:width\" content=\"1600\" \/>\n\t<meta property=\"og:image:height\" content=\"900\" \/>\n\t<meta property=\"og:image:type\" content=\"image\/jpeg\" \/>\n<meta name=\"author\" content=\"blanca\" \/>\n<meta name=\"twitter:card\" content=\"summary_large_image\" \/>\n<meta name=\"twitter:creator\" content=\"@mcspa_org\" \/>\n<meta name=\"twitter:site\" content=\"@mcspa_org\" \/>\n<meta name=\"twitter:label1\" content=\"Escrito por\" \/>\n\t<meta name=\"twitter:data1\" content=\"blanca\" \/>\n\t<meta name=\"twitter:label2\" content=\"Tiempo de lectura\" \/>\n\t<meta name=\"twitter:data2\" content=\"2 minutos\" \/>\n<script type=\"application\/ld+json\" class=\"yoast-schema-graph\">{\"@context\":\"https:\/\/schema.org\",\"@graph\":[{\"@type\":\"Article\",\"@id\":\"https:\/\/mcspa.org\/es\/inauguracion-de-una-casa-y-capilla-de-la-mcspa-en-malawi\/#article\",\"isPartOf\":{\"@id\":\"https:\/\/mcspa.org\/es\/inauguracion-de-una-casa-y-capilla-de-la-mcspa-en-malawi\/\"},\"author\":{\"name\":\"blanca\",\"@id\":\"https:\/\/mcspa.org\/#\/schema\/person\/ad31b697728b47f412550966c21f7705\"},\"headline\":\"Inauguraci\u00f3n de una casa y capilla de la MCSPA en Malawi\",\"datePublished\":\"2022-02-18T01:10:05+00:00\",\"mainEntityOfPage\":{\"@id\":\"https:\/\/mcspa.org\/es\/inauguracion-de-una-casa-y-capilla-de-la-mcspa-en-malawi\/\"},\"wordCount\":385,\"commentCount\":0,\"publisher\":{\"@id\":\"https:\/\/mcspa.org\/#organization\"},\"image\":{\"@id\":\"https:\/\/mcspa.org\/es\/inauguracion-de-una-casa-y-capilla-de-la-mcspa-en-malawi\/#primaryimage\"},\"thumbnailUrl\":\"https:\/\/mcspa.org\/wp-content\/uploads\/2022\/02\/IMG-20220215-WA0027-1.jpg\",\"keywords\":[\"Africa\",\"comunidad misionera de san pablo apostol\",\"iglesia catolica\",\"MCSPA Benga\",\"MCSPA Malawi\",\"Missionary Community of St Paul the Apostle\"],\"articleSection\":[\"Noticias\"],\"inLanguage\":\"es\",\"potentialAction\":[{\"@type\":\"CommentAction\",\"name\":\"Comment\",\"target\":[\"https:\/\/mcspa.org\/es\/inauguracion-de-una-casa-y-capilla-de-la-mcspa-en-malawi\/#respond\"]}]},{\"@type\":\"WebPage\",\"@id\":\"https:\/\/mcspa.org\/es\/inauguracion-de-una-casa-y-capilla-de-la-mcspa-en-malawi\/\",\"url\":\"https:\/\/mcspa.org\/es\/inauguracion-de-una-casa-y-capilla-de-la-mcspa-en-malawi\/\",\"name\":\"Inauguraci\u00f3n de una casa y capilla de la MCSPA en Malawi - Comunidad misionera de San Pablo Apostol - MCSPA\",\"isPartOf\":{\"@id\":\"https:\/\/mcspa.org\/#website\"},\"primaryImageOfPage\":{\"@id\":\"https:\/\/mcspa.org\/es\/inauguracion-de-una-casa-y-capilla-de-la-mcspa-en-malawi\/#primaryimage\"},\"image\":{\"@id\":\"https:\/\/mcspa.org\/es\/inauguracion-de-una-casa-y-capilla-de-la-mcspa-en-malawi\/#primaryimage\"},\"thumbnailUrl\":\"https:\/\/mcspa.org\/wp-content\/uploads\/2022\/02\/IMG-20220215-WA0027-1.jpg\",\"datePublished\":\"2022-02-18T01:10:05+00:00\",\"breadcrumb\":{\"@id\":\"https:\/\/mcspa.org\/es\/inauguracion-de-una-casa-y-capilla-de-la-mcspa-en-malawi\/#breadcrumb\"},\"inLanguage\":\"es\",\"potentialAction\":[{\"@type\":\"ReadAction\",\"target\":[\"https:\/\/mcspa.org\/es\/inauguracion-de-una-casa-y-capilla-de-la-mcspa-en-malawi\/\"]}]},{\"@type\":\"ImageObject\",\"inLanguage\":\"es\",\"@id\":\"https:\/\/mcspa.org\/es\/inauguracion-de-una-casa-y-capilla-de-la-mcspa-en-malawi\/#primaryimage\",\"url\":\"https:\/\/mcspa.org\/wp-content\/uploads\/2022\/02\/IMG-20220215-WA0027-1.jpg\",\"contentUrl\":\"https:\/\/mcspa.org\/wp-content\/uploads\/2022\/02\/IMG-20220215-WA0027-1.jpg\",\"width\":1600,\"height\":900},{\"@type\":\"BreadcrumbList\",\"@id\":\"https:\/\/mcspa.org\/es\/inauguracion-de-una-casa-y-capilla-de-la-mcspa-en-malawi\/#breadcrumb\",\"itemListElement\":[{\"@type\":\"ListItem\",\"position\":1,\"name\":\"Portada\",\"item\":\"https:\/\/mcspa.org\/es\/agency-homepage\/\"},{\"@type\":\"ListItem\",\"position\":2,\"name\":\"Inauguraci\u00f3n de una casa y capilla de la MCSPA en Malawi\"}]},{\"@type\":\"WebSite\",\"@id\":\"https:\/\/mcspa.org\/#website\",\"url\":\"https:\/\/mcspa.org\/\",\"name\":\"Comunidad misionera de San Pablo Apostol - MCSPA\",\"description\":\"\",\"publisher\":{\"@id\":\"https:\/\/mcspa.org\/#organization\"},\"potentialAction\":[{\"@type\":\"SearchAction\",\"target\":{\"@type\":\"EntryPoint\",\"urlTemplate\":\"https:\/\/mcspa.org\/?s={search_term_string}\"},\"query-input\":{\"@type\":\"PropertyValueSpecification\",\"valueRequired\":true,\"valueName\":\"search_term_string\"}}],\"inLanguage\":\"es\"},{\"@type\":\"Organization\",\"@id\":\"https:\/\/mcspa.org\/#organization\",\"name\":\"Missionary Community of St. Paul the Apostle - MCSPA\",\"url\":\"https:\/\/mcspa.org\/\",\"logo\":{\"@type\":\"ImageObject\",\"inLanguage\":\"es\",\"@id\":\"https:\/\/mcspa.org\/#\/schema\/logo\/image\/\",\"url\":\"https:\/\/mcspa.org\/wp-content\/uploads\/2022\/11\/MCSPA-logo-english.png\",\"contentUrl\":\"https:\/\/mcspa.org\/wp-content\/uploads\/2022\/11\/MCSPA-logo-english.png\",\"width\":3614,\"height\":1244,\"caption\":\"Missionary Community of St. Paul the Apostle - MCSPA\"},\"image\":{\"@id\":\"https:\/\/mcspa.org\/#\/schema\/logo\/image\/\"},\"sameAs\":[\"https:\/\/www.facebook.com\/mcspa\",\"https:\/\/x.com\/mcspa_org\",\"https:\/\/www.instagram.com\/mcspa_mmc\/\",\"https:\/\/www.youtube.com\/channel\/UC1df8SuPOPbFtMhlokt9gZQ\",\"https:\/\/www.youtube.com\/c\/MCSPA\"]},{\"@type\":\"Person\",\"@id\":\"https:\/\/mcspa.org\/#\/schema\/person\/ad31b697728b47f412550966c21f7705\",\"name\":\"blanca\",\"image\":{\"@type\":\"ImageObject\",\"inLanguage\":\"es\",\"@id\":\"https:\/\/secure.gravatar.com\/avatar\/36524df99350111b0008212ca147043679c24cf1ec38ec6d924e879d89b0b785?s=96&d=mm&r=g\",\"url\":\"https:\/\/secure.gravatar.com\/avatar\/36524df99350111b0008212ca147043679c24cf1ec38ec6d924e879d89b0b785?s=96&d=mm&r=g\",\"contentUrl\":\"https:\/\/secure.gravatar.com\/avatar\/36524df99350111b0008212ca147043679c24cf1ec38ec6d924e879d89b0b785?s=96&d=mm&r=g\",\"caption\":\"blanca\"},\"url\":\"https:\/\/mcspa.org\/es\/author\/blanca\/\"}]}<\/script>\n<!-- \/ Yoast SEO plugin. -->","yoast_head_json":{"title":"Inauguraci\u00f3n de una casa y capilla de la MCSPA en Malawi - Comunidad misionera de San Pablo Apostol - MCSPA","robots":{"index":"index","follow":"follow","max-snippet":"max-snippet:-1","max-image-preview":"max-image-preview:large","max-video-preview":"max-video-preview:-1"},"canonical":"https:\/\/mcspa.org\/es\/inauguracion-de-una-casa-y-capilla-de-la-mcspa-en-malawi\/","og_locale":"es_ES","og_type":"article","og_title":"Inauguraci\u00f3n de una casa y capilla de la MCSPA en Malawi - Comunidad misionera de San Pablo Apostol - MCSPA","og_description":"El 12 de febrero de 2022, en Lilongwe, la capital de Malawi, fue la inauguraci\u00f3n oficial y bendici\u00f3n de la capilla y casa de la MCSPA. Celebr\u00f3 la ceremonia el reci\u00e9n instalado arzobispo George Desmond Tambala de la Archidi\u00f3cesis de Lilongwe. El acto tambi\u00e9n cont\u00f3 con la presencia del P. Martin, de la Sociedad Misionera [&hellip;]","og_url":"https:\/\/mcspa.org\/es\/inauguracion-de-una-casa-y-capilla-de-la-mcspa-en-malawi\/","og_site_name":"Comunidad misionera de San Pablo Apostol - MCSPA","article_publisher":"https:\/\/www.facebook.com\/mcspa","article_published_time":"2022-02-18T01:10:05+00:00","og_image":[{"width":1600,"height":900,"url":"https:\/\/mcspa.org\/wp-content\/uploads\/2022\/02\/IMG-20220215-WA0027-1.jpg","type":"image\/jpeg"}],"author":"blanca","twitter_card":"summary_large_image","twitter_creator":"@mcspa_org","twitter_site":"@mcspa_org","twitter_misc":{"Escrito por":"blanca","Tiempo de lectura":"2 minutos"},"schema":{"@context":"https:\/\/schema.org","@graph":[{"@type":"Article","@id":"https:\/\/mcspa.org\/es\/inauguracion-de-una-casa-y-capilla-de-la-mcspa-en-malawi\/#article","isPartOf":{"@id":"https:\/\/mcspa.org\/es\/inauguracion-de-una-casa-y-capilla-de-la-mcspa-en-malawi\/"},"author":{"name":"blanca","@id":"https:\/\/mcspa.org\/#\/schema\/person\/ad31b697728b47f412550966c21f7705"},"headline":"Inauguraci\u00f3n de una casa y capilla de la MCSPA en Malawi","datePublished":"2022-02-18T01:10:05+00:00","mainEntityOfPage":{"@id":"https:\/\/mcspa.org\/es\/inauguracion-de-una-casa-y-capilla-de-la-mcspa-en-malawi\/"},"wordCount":385,"commentCount":0,"publisher":{"@id":"https:\/\/mcspa.org\/#organization"},"image":{"@id":"https:\/\/mcspa.org\/es\/inauguracion-de-una-casa-y-capilla-de-la-mcspa-en-malawi\/#primaryimage"},"thumbnailUrl":"https:\/\/mcspa.org\/wp-content\/uploads\/2022\/02\/IMG-20220215-WA0027-1.jpg","keywords":["Africa","comunidad misionera de san pablo apostol","iglesia catolica","MCSPA Benga","MCSPA Malawi","Missionary Community of St Paul the Apostle"],"articleSection":["Noticias"],"inLanguage":"es","potentialAction":[{"@type":"CommentAction","name":"Comment","target":["https:\/\/mcspa.org\/es\/inauguracion-de-una-casa-y-capilla-de-la-mcspa-en-malawi\/#respond"]}]},{"@type":"WebPage","@id":"https:\/\/mcspa.org\/es\/inauguracion-de-una-casa-y-capilla-de-la-mcspa-en-malawi\/","url":"https:\/\/mcspa.org\/es\/inauguracion-de-una-casa-y-capilla-de-la-mcspa-en-malawi\/","name":"Inauguraci\u00f3n de una casa y capilla de la MCSPA en Malawi - Comunidad misionera de San Pablo Apostol - MCSPA","isPartOf":{"@id":"https:\/\/mcspa.org\/#website"},"primaryImageOfPage":{"@id":"https:\/\/mcspa.org\/es\/inauguracion-de-una-casa-y-capilla-de-la-mcspa-en-malawi\/#primaryimage"},"image":{"@id":"https:\/\/mcspa.org\/es\/inauguracion-de-una-casa-y-capilla-de-la-mcspa-en-malawi\/#primaryimage"},"thumbnailUrl":"https:\/\/mcspa.org\/wp-content\/uploads\/2022\/02\/IMG-20220215-WA0027-1.jpg","datePublished":"2022-02-18T01:10:05+00:00","breadcrumb":{"@id":"https:\/\/mcspa.org\/es\/inauguracion-de-una-casa-y-capilla-de-la-mcspa-en-malawi\/#breadcrumb"},"inLanguage":"es","potentialAction":[{"@type":"ReadAction","target":["https:\/\/mcspa.org\/es\/inauguracion-de-una-casa-y-capilla-de-la-mcspa-en-malawi\/"]}]},{"@type":"ImageObject","inLanguage":"es","@id":"https:\/\/mcspa.org\/es\/inauguracion-de-una-casa-y-capilla-de-la-mcspa-en-malawi\/#primaryimage","url":"https:\/\/mcspa.org\/wp-content\/uploads\/2022\/02\/IMG-20220215-WA0027-1.jpg","contentUrl":"https:\/\/mcspa.org\/wp-content\/uploads\/2022\/02\/IMG-20220215-WA0027-1.jpg","width":1600,"height":900},{"@type":"BreadcrumbList","@id":"https:\/\/mcspa.org\/es\/inauguracion-de-una-casa-y-capilla-de-la-mcspa-en-malawi\/#breadcrumb","itemListElement":[{"@type":"ListItem","position":1,"name":"Portada","item":"https:\/\/mcspa.org\/es\/agency-homepage\/"},{"@type":"ListItem","position":2,"name":"Inauguraci\u00f3n de una casa y capilla de la MCSPA en Malawi"}]},{"@type":"WebSite","@id":"https:\/\/mcspa.org\/#website","url":"https:\/\/mcspa.org\/","name":"Comunidad misionera de San Pablo Apostol - MCSPA","description":"","publisher":{"@id":"https:\/\/mcspa.org\/#organization"},"potentialAction":[{"@type":"SearchAction","target":{"@type":"EntryPoint","urlTemplate":"https:\/\/mcspa.org\/?s={search_term_string}"},"query-input":{"@type":"PropertyValueSpecification","valueRequired":true,"valueName":"search_term_string"}}],"inLanguage":"es"},{"@type":"Organization","@id":"https:\/\/mcspa.org\/#organization","name":"Missionary Community of St. Paul the Apostle - MCSPA","url":"https:\/\/mcspa.org\/","logo":{"@type":"ImageObject","inLanguage":"es","@id":"https:\/\/mcspa.org\/#\/schema\/logo\/image\/","url":"https:\/\/mcspa.org\/wp-content\/uploads\/2022\/11\/MCSPA-logo-english.png","contentUrl":"https:\/\/mcspa.org\/wp-content\/uploads\/2022\/11\/MCSPA-logo-english.png","width":3614,"height":1244,"caption":"Missionary Community of St. Paul the Apostle - MCSPA"},"image":{"@id":"https:\/\/mcspa.org\/#\/schema\/logo\/image\/"},"sameAs":["https:\/\/www.facebook.com\/mcspa","https:\/\/x.com\/mcspa_org","https:\/\/www.instagram.com\/mcspa_mmc\/","https:\/\/www.youtube.com\/channel\/UC1df8SuPOPbFtMhlokt9gZQ","https:\/\/www.youtube.com\/c\/MCSPA"]},{"@type":"Person","@id":"https:\/\/mcspa.org\/#\/schema\/person\/ad31b697728b47f412550966c21f7705","name":"blanca","image":{"@type":"ImageObject","inLanguage":"es","@id":"https:\/\/secure.gravatar.com\/avatar\/36524df99350111b0008212ca147043679c24cf1ec38ec6d924e879d89b0b785?s=96&d=mm&r=g","url":"https:\/\/secure.gravatar.com\/avatar\/36524df99350111b0008212ca147043679c24cf1ec38ec6d924e879d89b0b785?s=96&d=mm&r=g","contentUrl":"https:\/\/secure.gravatar.com\/avatar\/36524df99350111b0008212ca147043679c24cf1ec38ec6d924e879d89b0b785?s=96&d=mm&r=g","caption":"blanca"},"url":"https:\/\/mcspa.org\/es\/author\/blanca\/"}]}},"_links":{"self":[{"href":"https:\/\/mcspa.org\/es\/wp-json\/wp\/v2\/posts\/4156","targetHints":{"allow":["GET"]}}],"collection":[{"href":"https:\/\/mcspa.org\/es\/wp-json\/wp\/v2\/posts"}],"about":[{"href":"https:\/\/mcspa.org\/es\/wp-json\/wp\/v2\/types\/post"}],"author":[{"embeddable":true,"href":"https:\/\/mcspa.org\/es\/wp-json\/wp\/v2\/users\/5"}],"replies":[{"embeddable":true,"href":"https:\/\/mcspa.org\/es\/wp-json\/wp\/v2\/comments?post=4156"}],"version-history":[{"count":0,"href":"https:\/\/mcspa.org\/es\/wp-json\/wp\/v2\/posts\/4156\/revisions"}],"wp:featuredmedia":[{"embeddable":true,"href":"https:\/\/mcspa.org\/es\/wp-json\/wp\/v2\/media\/4943"}],"wp:attachment":[{"href":"https:\/\/mcspa.org\/es\/wp-json\/wp\/v2\/media?parent=4156"}],"wp:term":[{"taxonomy":"category","embeddable":true,"href":"https:\/\/mcspa.org\/es\/wp-json\/wp\/v2\/categories?post=4156"},{"taxonomy":"post_tag","embeddable":true,"href":"https:\/\/mcspa.org\/es\/wp-json\/wp\/v2\/tags?post=4156"}],"curies":[{"name":"wp","href":"https:\/\/api.w.org\/{rel}","templated":true}]}}