{"id":3992,"date":"2021-04-27T19:35:03","date_gmt":"2021-04-27T17:35:03","guid":{"rendered":"https:\/\/mcspa.org\/es\/?p=3992"},"modified":"2021-04-27T19:35:03","modified_gmt":"2021-04-27T17:35:03","slug":"3-000-visualizaciones-del-documental-quiero-ser-como-genet","status":"publish","type":"post","link":"https:\/\/mcspa.org\/es\/3-000-visualizaciones-del-documental-quiero-ser-como-genet\/","title":{"rendered":"3.000 VISUALIZACIONES DEL DOCUMENTAL \u201cQUIERO SER COMO GENET\u201d"},"content":{"rendered":"<p>La Agencia de Comunicaci\u00f3n Valenciana Alberto Pla estren\u00f3 el d\u00eda 15 de abril el Documental Quiero Ser como Genet para la ONG valenciana Moss Solidaria y la Comunidad Misionera de San Pablo Ap\u00f3stol en Etiop\u00eda.<\/p>\n<p>El proyecto de este documental surgi\u00f3 despu\u00e9s de muchas conversaciones en Etiop\u00eda sobre la fortaleza de las mujeres et\u00edopes ante la adversidad. Lo que hoy se llamar\u00eda su capacidad de resiliencia.<\/p>\n<p>En \u00e9l Genet, una joven de 22 a\u00f1os narra su historia de superaci\u00f3n y su visi\u00f3n de c\u00f3mo unos podemos sacar lo mejor de otros. En el transcurso del documental Mari Olcina, de la ONG Moss Solidaria y Lourdes Larruy de la Comunidad Misionera de San Pablo Ap\u00f3stol exponen las actividades que la MCSPA lleva a cabo en la zona de Muketuri, en el altiplano et\u00edope, de la mano de las mujeres que est\u00e1n al frente de cada actividad:<\/p>\n<p>Enat, al frente del aula educativa de ni\u00f1os con capacidades diferentes y responsable del programa de atenci\u00f3n a ni\u00f1os con desnutrici\u00f3n; Friwot, maestra de prescolar en el Centro Materno infantil San Jos\u00e9; Yitayish, exestudiante en la Residencia de estudiantes \u201cMaite Iglesias\u201d y, Deribe, responsable de uno de los comedores infantiles en la zona.<\/p>\n<p>Todas ellas mujeres llenas de fuerza y con gran sentido de la solidaridad, que, con los a\u00f1os ha ido creciendo y se han convertido en referentes de esperanza y fortaleza para todos.<br \/>\nMuchos voluntarios, visitantes y benefactores se han emocionado al ver este documental, reconociendo a caras conocidas y viendo la evoluci\u00f3n de los proyectos en los 13 a\u00f1os que la MCSPA inici\u00f3 su presencia en Muketuri. 3.000 visualizaciones en apenas una semana de que el documental est\u00e1 disponible..<\/p>\n<p>Esperamos que este documental contribuya a la cultura de la solidaridad que propone el Papa Francisco en \u201cFrattelli Tutti\u201d, a ponernos en el lugar de los que les ha tocado nacer en una parte del planeta, donde sobrevivir es una lucha diaria..<\/p>\n<p>Queremos desde aqu\u00ed agradecer a las muchas personas que han colaborado con sus medios, intelectuales y econ\u00f3micos, voluntarios de Espa\u00f1a, Chile, M\u00e9xico, y tantas personas de muchos lugares que nos tienen en sus oraciones.<\/p>\n<p>Lourdes Larruy, MCSPA.<\/p>\n<p>El documental est\u00e1 disponible en el enlace: https:\/\/youtu.be\/MPHNO9z8m9c<\/p>\n<p><img loading=\"lazy\" decoding=\"async\" class=\"alignnone size-medium wp-image-3999\" src=\"http:\/\/mcspa.org\/wp-content\/uploads\/2021\/04\/Lourdes-y-Genet-nombre-Alberto-Pla-1-300x200.jpg\" alt=\"\" width=\"300\" height=\"200\" srcset=\"https:\/\/mcspa.org\/wp-content\/uploads\/2021\/04\/Lourdes-y-Genet-nombre-Alberto-Pla-1-300x200.jpg 300w, https:\/\/mcspa.org\/wp-content\/uploads\/2021\/04\/Lourdes-y-Genet-nombre-Alberto-Pla-1-1024x682.jpg 1024w, https:\/\/mcspa.org\/wp-content\/uploads\/2021\/04\/Lourdes-y-Genet-nombre-Alberto-Pla-1-768x512.jpg 768w, https:\/\/mcspa.org\/wp-content\/uploads\/2021\/04\/Lourdes-y-Genet-nombre-Alberto-Pla-1.jpg 1280w\" sizes=\"auto, (max-width: 300px) 100vw, 300px\" \/><img loading=\"lazy\" decoding=\"async\" class=\"alignnone size-medium wp-image-3997\" src=\"http:\/\/mcspa.org\/wp-content\/uploads\/2021\/04\/Abuela-Genet-2-1-300x225.jpeg\" alt=\"\" width=\"300\" height=\"225\" srcset=\"https:\/\/mcspa.org\/wp-content\/uploads\/2021\/04\/Abuela-Genet-2-1-300x225.jpeg 300w, https:\/\/mcspa.org\/wp-content\/uploads\/2021\/04\/Abuela-Genet-2-1-1024x768.jpeg 1024w, https:\/\/mcspa.org\/wp-content\/uploads\/2021\/04\/Abuela-Genet-2-1-768x576.jpeg 768w, https:\/\/mcspa.org\/wp-content\/uploads\/2021\/04\/Abuela-Genet-2-1.jpeg 1280w\" sizes=\"auto, (max-width: 300px) 100vw, 300px\" \/><img loading=\"lazy\" decoding=\"async\" class=\"alignnone size-medium wp-image-3998\" src=\"http:\/\/mcspa.org\/wp-content\/uploads\/2021\/04\/IMG_5177-1-300x225.jpeg\" alt=\"\" width=\"300\" height=\"225\" srcset=\"https:\/\/mcspa.org\/wp-content\/uploads\/2021\/04\/IMG_5177-1-300x225.jpeg 300w, https:\/\/mcspa.org\/wp-content\/uploads\/2021\/04\/IMG_5177-1-1024x768.jpeg 1024w, https:\/\/mcspa.org\/wp-content\/uploads\/2021\/04\/IMG_5177-1-768x576.jpeg 768w, https:\/\/mcspa.org\/wp-content\/uploads\/2021\/04\/IMG_5177-1.jpeg 1280w\" sizes=\"auto, (max-width: 300px) 100vw, 300px\" \/><img loading=\"lazy\" decoding=\"async\" class=\"alignnone size-medium wp-image-4000\" src=\"http:\/\/mcspa.org\/wp-content\/uploads\/2021\/04\/1.Lourdes-y-Mari-Gimbichu-1-300x225.jpeg\" alt=\"\" width=\"300\" height=\"225\" srcset=\"https:\/\/mcspa.org\/wp-content\/uploads\/2021\/04\/1.Lourdes-y-Mari-Gimbichu-1-300x225.jpeg 300w, https:\/\/mcspa.org\/wp-content\/uploads\/2021\/04\/1.Lourdes-y-Mari-Gimbichu-1-1024x768.jpeg 1024w, https:\/\/mcspa.org\/wp-content\/uploads\/2021\/04\/1.Lourdes-y-Mari-Gimbichu-1-768x576.jpeg 768w, https:\/\/mcspa.org\/wp-content\/uploads\/2021\/04\/1.Lourdes-y-Mari-Gimbichu-1.jpeg 1280w\" sizes=\"auto, (max-width: 300px) 100vw, 300px\" \/><\/p>\n","protected":false},"excerpt":{"rendered":"<p>La Agencia de Comunicaci\u00f3n Valenciana Alberto Pla estren\u00f3 el d\u00eda 15 de abril el Documental Quiero Ser como Genet para la ONG valenciana Moss Solidaria y la Comunidad Misionera de San Pablo Ap\u00f3stol en Etiop\u00eda. El proyecto de este documental surgi\u00f3 despu\u00e9s de muchas conversaciones en Etiop\u00eda sobre la fortaleza de las mujeres et\u00edopes ante [&hellip;]<\/p>\n","protected":false},"author":5,"featured_media":3999,"comment_status":"open","ping_status":"open","sticky":false,"template":"","format":"standard","meta":{"footnotes":""},"categories":[110],"tags":[104,86,100,90,92,87,191,140,151,133],"class_list":["post-3992","post","type-post","status-publish","format-standard","has-post-thumbnail","hentry","category-noticias","tag-africa","tag-comunidad-misionera-de-san-pablo-apostol","tag-cuerno-de-africa","tag-etiopia","tag-iglesia-catolica","tag-mcspa","tag-mcspa-muketuri","tag-mcspa-comunidad-misionera-de-san-pablo-apostol-nutricion-etiopia","tag-missionary-community-of-st-paul-the-apostle","tag-valores-humanos"],"yoast_head":"<!-- This site is optimized with the Yoast SEO plugin v27.2 - https:\/\/yoast.com\/product\/yoast-seo-wordpress\/ -->\n<title>3.000 VISUALIZACIONES DEL DOCUMENTAL \u201cQUIERO SER COMO GENET\u201d - Comunidad misionera de San Pablo Apostol - MCSPA<\/title>\n<meta name=\"robots\" content=\"index, follow, max-snippet:-1, max-image-preview:large, max-video-preview:-1\" \/>\n<link rel=\"canonical\" href=\"https:\/\/mcspa.org\/es\/3-000-visualizaciones-del-documental-quiero-ser-como-genet\/\" \/>\n<meta property=\"og:locale\" content=\"es_ES\" \/>\n<meta property=\"og:type\" content=\"article\" \/>\n<meta property=\"og:title\" content=\"3.000 VISUALIZACIONES DEL DOCUMENTAL \u201cQUIERO SER COMO GENET\u201d - Comunidad misionera de San Pablo Apostol - MCSPA\" \/>\n<meta property=\"og:description\" content=\"La Agencia de Comunicaci\u00f3n Valenciana Alberto Pla estren\u00f3 el d\u00eda 15 de abril el Documental Quiero Ser como Genet para la ONG valenciana Moss Solidaria y la Comunidad Misionera de San Pablo Ap\u00f3stol en Etiop\u00eda. El proyecto de este documental surgi\u00f3 despu\u00e9s de muchas conversaciones en Etiop\u00eda sobre la fortaleza de las mujeres et\u00edopes ante [&hellip;]\" \/>\n<meta property=\"og:url\" content=\"https:\/\/mcspa.org\/es\/3-000-visualizaciones-del-documental-quiero-ser-como-genet\/\" \/>\n<meta property=\"og:site_name\" content=\"Comunidad misionera de San Pablo Apostol - MCSPA\" \/>\n<meta property=\"article:publisher\" content=\"https:\/\/www.facebook.com\/mcspa\" \/>\n<meta property=\"article:published_time\" content=\"2021-04-27T17:35:03+00:00\" \/>\n<meta property=\"og:image\" content=\"https:\/\/mcspa.org\/wp-content\/uploads\/2021\/04\/Lourdes-y-Genet-nombre-Alberto-Pla-1.jpg\" \/>\n\t<meta property=\"og:image:width\" content=\"1280\" \/>\n\t<meta property=\"og:image:height\" content=\"853\" \/>\n\t<meta property=\"og:image:type\" content=\"image\/jpeg\" \/>\n<meta name=\"author\" content=\"blanca\" \/>\n<meta name=\"twitter:card\" content=\"summary_large_image\" \/>\n<meta name=\"twitter:creator\" content=\"@mcspa_org\" \/>\n<meta name=\"twitter:site\" content=\"@mcspa_org\" \/>\n<meta name=\"twitter:label1\" content=\"Escrito por\" \/>\n\t<meta name=\"twitter:data1\" content=\"blanca\" \/>\n\t<meta name=\"twitter:label2\" content=\"Tiempo de lectura\" \/>\n\t<meta name=\"twitter:data2\" content=\"2 minutos\" \/>\n<script type=\"application\/ld+json\" class=\"yoast-schema-graph\">{\"@context\":\"https:\/\/schema.org\",\"@graph\":[{\"@type\":\"Article\",\"@id\":\"https:\/\/mcspa.org\/es\/3-000-visualizaciones-del-documental-quiero-ser-como-genet\/#article\",\"isPartOf\":{\"@id\":\"https:\/\/mcspa.org\/es\/3-000-visualizaciones-del-documental-quiero-ser-como-genet\/\"},\"author\":{\"name\":\"blanca\",\"@id\":\"https:\/\/mcspa.org\/#\/schema\/person\/ad31b697728b47f412550966c21f7705\"},\"headline\":\"3.000 VISUALIZACIONES DEL DOCUMENTAL \u201cQUIERO SER COMO GENET\u201d\",\"datePublished\":\"2021-04-27T17:35:03+00:00\",\"mainEntityOfPage\":{\"@id\":\"https:\/\/mcspa.org\/es\/3-000-visualizaciones-del-documental-quiero-ser-como-genet\/\"},\"wordCount\":398,\"commentCount\":0,\"publisher\":{\"@id\":\"https:\/\/mcspa.org\/#organization\"},\"image\":{\"@id\":\"https:\/\/mcspa.org\/es\/3-000-visualizaciones-del-documental-quiero-ser-como-genet\/#primaryimage\"},\"thumbnailUrl\":\"https:\/\/mcspa.org\/wp-content\/uploads\/2021\/04\/Lourdes-y-Genet-nombre-Alberto-Pla-1.jpg\",\"keywords\":[\"Africa\",\"comunidad misionera de san pablo apostol\",\"cuerno de africa\",\"Etiopia\",\"iglesia catolica\",\"mcspa\",\"MCSPA Muketuri\",\"MCSPA; Comunidad Misionera de San Pablo Ap\u00f3stol; nutrici\u00f3n; Etiop\u00eda\",\"Missionary Community of St Paul the Apostle\",\"Valores humanos\"],\"articleSection\":[\"Noticias\"],\"inLanguage\":\"es\",\"potentialAction\":[{\"@type\":\"CommentAction\",\"name\":\"Comment\",\"target\":[\"https:\/\/mcspa.org\/es\/3-000-visualizaciones-del-documental-quiero-ser-como-genet\/#respond\"]}]},{\"@type\":\"WebPage\",\"@id\":\"https:\/\/mcspa.org\/es\/3-000-visualizaciones-del-documental-quiero-ser-como-genet\/\",\"url\":\"https:\/\/mcspa.org\/es\/3-000-visualizaciones-del-documental-quiero-ser-como-genet\/\",\"name\":\"3.000 VISUALIZACIONES DEL DOCUMENTAL \u201cQUIERO SER COMO GENET\u201d - Comunidad misionera de San Pablo Apostol - MCSPA\",\"isPartOf\":{\"@id\":\"https:\/\/mcspa.org\/#website\"},\"primaryImageOfPage\":{\"@id\":\"https:\/\/mcspa.org\/es\/3-000-visualizaciones-del-documental-quiero-ser-como-genet\/#primaryimage\"},\"image\":{\"@id\":\"https:\/\/mcspa.org\/es\/3-000-visualizaciones-del-documental-quiero-ser-como-genet\/#primaryimage\"},\"thumbnailUrl\":\"https:\/\/mcspa.org\/wp-content\/uploads\/2021\/04\/Lourdes-y-Genet-nombre-Alberto-Pla-1.jpg\",\"datePublished\":\"2021-04-27T17:35:03+00:00\",\"breadcrumb\":{\"@id\":\"https:\/\/mcspa.org\/es\/3-000-visualizaciones-del-documental-quiero-ser-como-genet\/#breadcrumb\"},\"inLanguage\":\"es\",\"potentialAction\":[{\"@type\":\"ReadAction\",\"target\":[\"https:\/\/mcspa.org\/es\/3-000-visualizaciones-del-documental-quiero-ser-como-genet\/\"]}]},{\"@type\":\"ImageObject\",\"inLanguage\":\"es\",\"@id\":\"https:\/\/mcspa.org\/es\/3-000-visualizaciones-del-documental-quiero-ser-como-genet\/#primaryimage\",\"url\":\"https:\/\/mcspa.org\/wp-content\/uploads\/2021\/04\/Lourdes-y-Genet-nombre-Alberto-Pla-1.jpg\",\"contentUrl\":\"https:\/\/mcspa.org\/wp-content\/uploads\/2021\/04\/Lourdes-y-Genet-nombre-Alberto-Pla-1.jpg\",\"width\":1280,\"height\":853},{\"@type\":\"BreadcrumbList\",\"@id\":\"https:\/\/mcspa.org\/es\/3-000-visualizaciones-del-documental-quiero-ser-como-genet\/#breadcrumb\",\"itemListElement\":[{\"@type\":\"ListItem\",\"position\":1,\"name\":\"Portada\",\"item\":\"https:\/\/mcspa.org\/es\/agency-homepage\/\"},{\"@type\":\"ListItem\",\"position\":2,\"name\":\"3.000 VISUALIZACIONES DEL DOCUMENTAL \u201cQUIERO SER COMO GENET\u201d\"}]},{\"@type\":\"WebSite\",\"@id\":\"https:\/\/mcspa.org\/#website\",\"url\":\"https:\/\/mcspa.org\/\",\"name\":\"Comunidad misionera de San Pablo Apostol - MCSPA\",\"description\":\"\",\"publisher\":{\"@id\":\"https:\/\/mcspa.org\/#organization\"},\"potentialAction\":[{\"@type\":\"SearchAction\",\"target\":{\"@type\":\"EntryPoint\",\"urlTemplate\":\"https:\/\/mcspa.org\/?s={search_term_string}\"},\"query-input\":{\"@type\":\"PropertyValueSpecification\",\"valueRequired\":true,\"valueName\":\"search_term_string\"}}],\"inLanguage\":\"es\"},{\"@type\":\"Organization\",\"@id\":\"https:\/\/mcspa.org\/#organization\",\"name\":\"Missionary Community of St. Paul the Apostle - MCSPA\",\"url\":\"https:\/\/mcspa.org\/\",\"logo\":{\"@type\":\"ImageObject\",\"inLanguage\":\"es\",\"@id\":\"https:\/\/mcspa.org\/#\/schema\/logo\/image\/\",\"url\":\"https:\/\/mcspa.org\/wp-content\/uploads\/2022\/11\/MCSPA-logo-english.png\",\"contentUrl\":\"https:\/\/mcspa.org\/wp-content\/uploads\/2022\/11\/MCSPA-logo-english.png\",\"width\":3614,\"height\":1244,\"caption\":\"Missionary Community of St. Paul the Apostle - MCSPA\"},\"image\":{\"@id\":\"https:\/\/mcspa.org\/#\/schema\/logo\/image\/\"},\"sameAs\":[\"https:\/\/www.facebook.com\/mcspa\",\"https:\/\/x.com\/mcspa_org\",\"https:\/\/www.instagram.com\/mcspa_mmc\/\",\"https:\/\/www.youtube.com\/channel\/UC1df8SuPOPbFtMhlokt9gZQ\",\"https:\/\/www.youtube.com\/c\/MCSPA\"]},{\"@type\":\"Person\",\"@id\":\"https:\/\/mcspa.org\/#\/schema\/person\/ad31b697728b47f412550966c21f7705\",\"name\":\"blanca\",\"image\":{\"@type\":\"ImageObject\",\"inLanguage\":\"es\",\"@id\":\"https:\/\/secure.gravatar.com\/avatar\/36524df99350111b0008212ca147043679c24cf1ec38ec6d924e879d89b0b785?s=96&d=mm&r=g\",\"url\":\"https:\/\/secure.gravatar.com\/avatar\/36524df99350111b0008212ca147043679c24cf1ec38ec6d924e879d89b0b785?s=96&d=mm&r=g\",\"contentUrl\":\"https:\/\/secure.gravatar.com\/avatar\/36524df99350111b0008212ca147043679c24cf1ec38ec6d924e879d89b0b785?s=96&d=mm&r=g\",\"caption\":\"blanca\"},\"url\":\"https:\/\/mcspa.org\/es\/author\/blanca\/\"}]}<\/script>\n<!-- \/ Yoast SEO plugin. -->","yoast_head_json":{"title":"3.000 VISUALIZACIONES DEL DOCUMENTAL \u201cQUIERO SER COMO GENET\u201d - Comunidad misionera de San Pablo Apostol - MCSPA","robots":{"index":"index","follow":"follow","max-snippet":"max-snippet:-1","max-image-preview":"max-image-preview:large","max-video-preview":"max-video-preview:-1"},"canonical":"https:\/\/mcspa.org\/es\/3-000-visualizaciones-del-documental-quiero-ser-como-genet\/","og_locale":"es_ES","og_type":"article","og_title":"3.000 VISUALIZACIONES DEL DOCUMENTAL \u201cQUIERO SER COMO GENET\u201d - Comunidad misionera de San Pablo Apostol - MCSPA","og_description":"La Agencia de Comunicaci\u00f3n Valenciana Alberto Pla estren\u00f3 el d\u00eda 15 de abril el Documental Quiero Ser como Genet para la ONG valenciana Moss Solidaria y la Comunidad Misionera de San Pablo Ap\u00f3stol en Etiop\u00eda. El proyecto de este documental surgi\u00f3 despu\u00e9s de muchas conversaciones en Etiop\u00eda sobre la fortaleza de las mujeres et\u00edopes ante [&hellip;]","og_url":"https:\/\/mcspa.org\/es\/3-000-visualizaciones-del-documental-quiero-ser-como-genet\/","og_site_name":"Comunidad misionera de San Pablo Apostol - MCSPA","article_publisher":"https:\/\/www.facebook.com\/mcspa","article_published_time":"2021-04-27T17:35:03+00:00","og_image":[{"width":1280,"height":853,"url":"https:\/\/mcspa.org\/wp-content\/uploads\/2021\/04\/Lourdes-y-Genet-nombre-Alberto-Pla-1.jpg","type":"image\/jpeg"}],"author":"blanca","twitter_card":"summary_large_image","twitter_creator":"@mcspa_org","twitter_site":"@mcspa_org","twitter_misc":{"Escrito por":"blanca","Tiempo de lectura":"2 minutos"},"schema":{"@context":"https:\/\/schema.org","@graph":[{"@type":"Article","@id":"https:\/\/mcspa.org\/es\/3-000-visualizaciones-del-documental-quiero-ser-como-genet\/#article","isPartOf":{"@id":"https:\/\/mcspa.org\/es\/3-000-visualizaciones-del-documental-quiero-ser-como-genet\/"},"author":{"name":"blanca","@id":"https:\/\/mcspa.org\/#\/schema\/person\/ad31b697728b47f412550966c21f7705"},"headline":"3.000 VISUALIZACIONES DEL DOCUMENTAL \u201cQUIERO SER COMO GENET\u201d","datePublished":"2021-04-27T17:35:03+00:00","mainEntityOfPage":{"@id":"https:\/\/mcspa.org\/es\/3-000-visualizaciones-del-documental-quiero-ser-como-genet\/"},"wordCount":398,"commentCount":0,"publisher":{"@id":"https:\/\/mcspa.org\/#organization"},"image":{"@id":"https:\/\/mcspa.org\/es\/3-000-visualizaciones-del-documental-quiero-ser-como-genet\/#primaryimage"},"thumbnailUrl":"https:\/\/mcspa.org\/wp-content\/uploads\/2021\/04\/Lourdes-y-Genet-nombre-Alberto-Pla-1.jpg","keywords":["Africa","comunidad misionera de san pablo apostol","cuerno de africa","Etiopia","iglesia catolica","mcspa","MCSPA Muketuri","MCSPA; Comunidad Misionera de San Pablo Ap\u00f3stol; nutrici\u00f3n; Etiop\u00eda","Missionary Community of St Paul the Apostle","Valores humanos"],"articleSection":["Noticias"],"inLanguage":"es","potentialAction":[{"@type":"CommentAction","name":"Comment","target":["https:\/\/mcspa.org\/es\/3-000-visualizaciones-del-documental-quiero-ser-como-genet\/#respond"]}]},{"@type":"WebPage","@id":"https:\/\/mcspa.org\/es\/3-000-visualizaciones-del-documental-quiero-ser-como-genet\/","url":"https:\/\/mcspa.org\/es\/3-000-visualizaciones-del-documental-quiero-ser-como-genet\/","name":"3.000 VISUALIZACIONES DEL DOCUMENTAL \u201cQUIERO SER COMO GENET\u201d - Comunidad misionera de San Pablo Apostol - MCSPA","isPartOf":{"@id":"https:\/\/mcspa.org\/#website"},"primaryImageOfPage":{"@id":"https:\/\/mcspa.org\/es\/3-000-visualizaciones-del-documental-quiero-ser-como-genet\/#primaryimage"},"image":{"@id":"https:\/\/mcspa.org\/es\/3-000-visualizaciones-del-documental-quiero-ser-como-genet\/#primaryimage"},"thumbnailUrl":"https:\/\/mcspa.org\/wp-content\/uploads\/2021\/04\/Lourdes-y-Genet-nombre-Alberto-Pla-1.jpg","datePublished":"2021-04-27T17:35:03+00:00","breadcrumb":{"@id":"https:\/\/mcspa.org\/es\/3-000-visualizaciones-del-documental-quiero-ser-como-genet\/#breadcrumb"},"inLanguage":"es","potentialAction":[{"@type":"ReadAction","target":["https:\/\/mcspa.org\/es\/3-000-visualizaciones-del-documental-quiero-ser-como-genet\/"]}]},{"@type":"ImageObject","inLanguage":"es","@id":"https:\/\/mcspa.org\/es\/3-000-visualizaciones-del-documental-quiero-ser-como-genet\/#primaryimage","url":"https:\/\/mcspa.org\/wp-content\/uploads\/2021\/04\/Lourdes-y-Genet-nombre-Alberto-Pla-1.jpg","contentUrl":"https:\/\/mcspa.org\/wp-content\/uploads\/2021\/04\/Lourdes-y-Genet-nombre-Alberto-Pla-1.jpg","width":1280,"height":853},{"@type":"BreadcrumbList","@id":"https:\/\/mcspa.org\/es\/3-000-visualizaciones-del-documental-quiero-ser-como-genet\/#breadcrumb","itemListElement":[{"@type":"ListItem","position":1,"name":"Portada","item":"https:\/\/mcspa.org\/es\/agency-homepage\/"},{"@type":"ListItem","position":2,"name":"3.000 VISUALIZACIONES DEL DOCUMENTAL \u201cQUIERO SER COMO GENET\u201d"}]},{"@type":"WebSite","@id":"https:\/\/mcspa.org\/#website","url":"https:\/\/mcspa.org\/","name":"Comunidad misionera de San Pablo Apostol - MCSPA","description":"","publisher":{"@id":"https:\/\/mcspa.org\/#organization"},"potentialAction":[{"@type":"SearchAction","target":{"@type":"EntryPoint","urlTemplate":"https:\/\/mcspa.org\/?s={search_term_string}"},"query-input":{"@type":"PropertyValueSpecification","valueRequired":true,"valueName":"search_term_string"}}],"inLanguage":"es"},{"@type":"Organization","@id":"https:\/\/mcspa.org\/#organization","name":"Missionary Community of St. Paul the Apostle - MCSPA","url":"https:\/\/mcspa.org\/","logo":{"@type":"ImageObject","inLanguage":"es","@id":"https:\/\/mcspa.org\/#\/schema\/logo\/image\/","url":"https:\/\/mcspa.org\/wp-content\/uploads\/2022\/11\/MCSPA-logo-english.png","contentUrl":"https:\/\/mcspa.org\/wp-content\/uploads\/2022\/11\/MCSPA-logo-english.png","width":3614,"height":1244,"caption":"Missionary Community of St. Paul the Apostle - MCSPA"},"image":{"@id":"https:\/\/mcspa.org\/#\/schema\/logo\/image\/"},"sameAs":["https:\/\/www.facebook.com\/mcspa","https:\/\/x.com\/mcspa_org","https:\/\/www.instagram.com\/mcspa_mmc\/","https:\/\/www.youtube.com\/channel\/UC1df8SuPOPbFtMhlokt9gZQ","https:\/\/www.youtube.com\/c\/MCSPA"]},{"@type":"Person","@id":"https:\/\/mcspa.org\/#\/schema\/person\/ad31b697728b47f412550966c21f7705","name":"blanca","image":{"@type":"ImageObject","inLanguage":"es","@id":"https:\/\/secure.gravatar.com\/avatar\/36524df99350111b0008212ca147043679c24cf1ec38ec6d924e879d89b0b785?s=96&d=mm&r=g","url":"https:\/\/secure.gravatar.com\/avatar\/36524df99350111b0008212ca147043679c24cf1ec38ec6d924e879d89b0b785?s=96&d=mm&r=g","contentUrl":"https:\/\/secure.gravatar.com\/avatar\/36524df99350111b0008212ca147043679c24cf1ec38ec6d924e879d89b0b785?s=96&d=mm&r=g","caption":"blanca"},"url":"https:\/\/mcspa.org\/es\/author\/blanca\/"}]}},"_links":{"self":[{"href":"https:\/\/mcspa.org\/es\/wp-json\/wp\/v2\/posts\/3992","targetHints":{"allow":["GET"]}}],"collection":[{"href":"https:\/\/mcspa.org\/es\/wp-json\/wp\/v2\/posts"}],"about":[{"href":"https:\/\/mcspa.org\/es\/wp-json\/wp\/v2\/types\/post"}],"author":[{"embeddable":true,"href":"https:\/\/mcspa.org\/es\/wp-json\/wp\/v2\/users\/5"}],"replies":[{"embeddable":true,"href":"https:\/\/mcspa.org\/es\/wp-json\/wp\/v2\/comments?post=3992"}],"version-history":[{"count":0,"href":"https:\/\/mcspa.org\/es\/wp-json\/wp\/v2\/posts\/3992\/revisions"}],"wp:featuredmedia":[{"embeddable":true,"href":"https:\/\/mcspa.org\/es\/wp-json\/wp\/v2\/media\/3999"}],"wp:attachment":[{"href":"https:\/\/mcspa.org\/es\/wp-json\/wp\/v2\/media?parent=3992"}],"wp:term":[{"taxonomy":"category","embeddable":true,"href":"https:\/\/mcspa.org\/es\/wp-json\/wp\/v2\/categories?post=3992"},{"taxonomy":"post_tag","embeddable":true,"href":"https:\/\/mcspa.org\/es\/wp-json\/wp\/v2\/tags?post=3992"}],"curies":[{"name":"wp","href":"https:\/\/api.w.org\/{rel}","templated":true}]}}