{"id":3702,"date":"2019-12-25T16:10:42","date_gmt":"2019-12-25T14:10:42","guid":{"rendered":"https:\/\/mcspa.org\/es\/?p=3702"},"modified":"2019-12-25T16:10:42","modified_gmt":"2019-12-25T14:10:42","slug":"y-si-jesus-fuera-refugiado","status":"publish","type":"post","link":"https:\/\/mcspa.org\/es\/y-si-jesus-fuera-refugiado\/","title":{"rendered":"\u00bfY SI Jesus Fuera Refugiado?"},"content":{"rendered":"<p>El d\u00eda 24 de diciembre 51 ni\u00f1os han sido bautizados en la misi\u00f3n de Naturomoe, en Nyangatom, en el sur de Etiop\u00eda, zona fronteriza con Kenia.<\/p>\n<p>El mismo d\u00eda ha nacido un ni\u00f1o, hijo de uno de los catequistas. Son refugiados del sur del Sud\u00e1n, viven en una explanada polvorienta al pie de las colinas que\u00a0 hacen de frontera con su pa\u00eds.\u00a0 Su fe es de las \u00fanicas cosas que no han perdido. No pueden volver a su pa\u00eds y no llegan a 5.000, cantidad requerida para ser considerados campo de refugiados\u2026 No tienen donde reposar\u2026 como Jos\u00e9 y Mar\u00eda..<\/p>\n<p>Si Jes\u00fas naciera hoy, \u00bfquiz\u00e1s ser\u00eda un refugiado?? no lo sabemos; pero desde luego s\u00ed sabemos que se pondr\u00eda de parte de tantos miles de personas que sufren por causa de las guerras y los desplazamientos forzados\u2026<\/p>\n<p>La misi\u00f3n de Nyangatom , que la MCSPA empez\u00f3 hace 5 a\u00f1os est\u00e1 en tierra de nadie: es territorio de Etiop\u00eda, se sienten sur sudaneses, a pocos kil\u00f3metros\u00a0 de Kenia\u2026 Aqu\u00ed se predica la paz, como principal Buena Noticia del Evangelio, y \u00e9sta, muchas veces tiene que ver con tener agua para vivir.<\/p>\n<p>Sorprende la alegr\u00eda de este grupo de personas, que, a pesar de su situaci\u00f3n disfrutan de los momentos como la celebraci\u00f3n de la Navidad, cantos y bailes han acompa\u00f1ado la celebraci\u00f3n de la Eucarist\u00eda. Han hecho un bel\u00e9n de barro con muchos animales. A los ni\u00f1os les hemos pintado la cara de colores para engalanarse para la celebraci\u00f3n;\u00a0Despu\u00e9s, \u00a0chocolate para todos!<\/p>\n<p>Los hombres endurecidos por la huida violenta de su pa\u00eds se emocionan viendo a sus hijos celebrar, los cantos recobran un significado entre nostalgia y alegr\u00eda.<\/p>\n\n<figure class=\"wp-block-image size-large\"><img decoding=\"async\" class=\"wp-image-3711\" src=\"https:\/\/mcspa.org\/es\/wp-content\/uploads\/2019\/12\/7.-David-misa-1-1024x768.jpg\" alt=\"\" \/><\/figure>\n\n\n\n<figure class=\"wp-block-image size-large\"><img decoding=\"async\" class=\"wp-image-3712\" src=\"https:\/\/mcspa.org\/es\/wp-content\/uploads\/2019\/12\/6.-David-bautizando-1-768x1024.jpg\" alt=\"\" \/><\/figure>\n\n\n\n<figure class=\"wp-block-image size-large\"><img decoding=\"async\" class=\"wp-image-3714\" src=\"https:\/\/mcspa.org\/es\/wp-content\/uploads\/2019\/12\/3.-Lourdes-1-1024x768.jpg\" alt=\"\" \/><\/figure>\n\n\n\n<figure class=\"wp-block-image size-large\"><img loading=\"lazy\" decoding=\"async\" width=\"1024\" height=\"768\" class=\"wp-image-3713\" src=\"http:\/\/mcspa.org\/wp-content\/uploads\/2019\/12\/2.-Pepi-con-ninos-1-1-1024x768.jpeg\" alt=\"\" srcset=\"https:\/\/mcspa.org\/wp-content\/uploads\/2019\/12\/2.-Pepi-con-ninos-1-1-1024x768.jpeg 1024w, https:\/\/mcspa.org\/wp-content\/uploads\/2019\/12\/2.-Pepi-con-ninos-1-1-300x225.jpeg 300w, https:\/\/mcspa.org\/wp-content\/uploads\/2019\/12\/2.-Pepi-con-ninos-1-1-768x576.jpeg 768w, https:\/\/mcspa.org\/wp-content\/uploads\/2019\/12\/2.-Pepi-con-ninos-1-1.jpeg 1280w\" sizes=\"auto, (max-width: 1024px) 100vw, 1024px\" \/><\/figure>\n\n\n\n<figure class=\"wp-block-image size-large\"><img loading=\"lazy\" decoding=\"async\" width=\"768\" height=\"1024\" class=\"wp-image-3715\" src=\"http:\/\/mcspa.org\/wp-content\/uploads\/2019\/12\/1.-Yitayish-con-ninas-2-768x1024.jpeg\" alt=\"\" srcset=\"https:\/\/mcspa.org\/wp-content\/uploads\/2019\/12\/1.-Yitayish-con-ninas-2-768x1024.jpeg 768w, https:\/\/mcspa.org\/wp-content\/uploads\/2019\/12\/1.-Yitayish-con-ninas-2-225x300.jpeg 225w, https:\/\/mcspa.org\/wp-content\/uploads\/2019\/12\/1.-Yitayish-con-ninas-2.jpeg 960w\" sizes=\"auto, (max-width: 768px) 100vw, 768px\" \/><\/figure>\n<p>&nbsp;<\/p>\n","protected":false},"excerpt":{"rendered":"<p>El d\u00eda 24 de diciembre 51 ni\u00f1os han sido bautizados en la misi\u00f3n de Naturomoe, en Nyangatom, en el sur de Etiop\u00eda, zona fronteriza con Kenia. El mismo d\u00eda ha nacido un ni\u00f1o, hijo de uno de los catequistas. Son refugiados del sur del Sud\u00e1n, viven en una explanada polvorienta al pie de las colinas [&hellip;]<\/p>\n","protected":false},"author":7,"featured_media":5181,"comment_status":"open","ping_status":"open","sticky":false,"template":"","format":"standard","meta":{"footnotes":""},"categories":[110],"tags":[213,214,86,140,111],"class_list":["post-3702","post","type-post","status-publish","format-standard","has-post-thumbnail","hentry","category-noticias","tag-christmas","tag-christmass2019","tag-comunidad-misionera-de-san-pablo-apostol","tag-mcspa-comunidad-misionera-de-san-pablo-apostol-nutricion-etiopia","tag-nyangatom"],"yoast_head":"<!-- This site is optimized with the Yoast SEO plugin v27.2 - https:\/\/yoast.com\/product\/yoast-seo-wordpress\/ -->\n<title>\u00bfY SI Jesus Fuera Refugiado? - Comunidad misionera de San Pablo Apostol - MCSPA<\/title>\n<meta name=\"robots\" content=\"index, follow, max-snippet:-1, max-image-preview:large, max-video-preview:-1\" \/>\n<link rel=\"canonical\" href=\"https:\/\/mcspa.org\/es\/y-si-jesus-fuera-refugiado\/\" \/>\n<meta property=\"og:locale\" content=\"es_ES\" \/>\n<meta property=\"og:type\" content=\"article\" \/>\n<meta property=\"og:title\" content=\"\u00bfY SI Jesus Fuera Refugiado? - Comunidad misionera de San Pablo Apostol - MCSPA\" \/>\n<meta property=\"og:description\" content=\"El d\u00eda 24 de diciembre 51 ni\u00f1os han sido bautizados en la misi\u00f3n de Naturomoe, en Nyangatom, en el sur de Etiop\u00eda, zona fronteriza con Kenia. El mismo d\u00eda ha nacido un ni\u00f1o, hijo de uno de los catequistas. Son refugiados del sur del Sud\u00e1n, viven en una explanada polvorienta al pie de las colinas [&hellip;]\" \/>\n<meta property=\"og:url\" content=\"https:\/\/mcspa.org\/es\/y-si-jesus-fuera-refugiado\/\" \/>\n<meta property=\"og:site_name\" content=\"Comunidad misionera de San Pablo Apostol - MCSPA\" \/>\n<meta property=\"article:publisher\" content=\"https:\/\/www.facebook.com\/mcspa\" \/>\n<meta property=\"article:published_time\" content=\"2019-12-25T14:10:42+00:00\" \/>\n<meta property=\"og:image\" content=\"https:\/\/mcspa.org\/wp-content\/uploads\/2019\/12\/7.-David-misa-1-scaled-2-1024x768.jpg\" \/>\n\t<meta property=\"og:image:width\" content=\"1024\" \/>\n\t<meta property=\"og:image:height\" content=\"768\" \/>\n\t<meta property=\"og:image:type\" content=\"image\/jpeg\" \/>\n<meta name=\"author\" content=\"lillian\" \/>\n<meta name=\"twitter:card\" content=\"summary_large_image\" \/>\n<meta name=\"twitter:creator\" content=\"@mcspa_org\" \/>\n<meta name=\"twitter:site\" content=\"@mcspa_org\" \/>\n<meta name=\"twitter:label1\" content=\"Escrito por\" \/>\n\t<meta name=\"twitter:data1\" content=\"lillian\" \/>\n\t<meta name=\"twitter:label2\" content=\"Tiempo de lectura\" \/>\n\t<meta name=\"twitter:data2\" content=\"2 minutos\" \/>\n<script type=\"application\/ld+json\" class=\"yoast-schema-graph\">{\"@context\":\"https:\/\/schema.org\",\"@graph\":[{\"@type\":\"Article\",\"@id\":\"https:\/\/mcspa.org\/es\/y-si-jesus-fuera-refugiado\/#article\",\"isPartOf\":{\"@id\":\"https:\/\/mcspa.org\/es\/y-si-jesus-fuera-refugiado\/\"},\"author\":{\"name\":\"lillian\",\"@id\":\"https:\/\/mcspa.org\/#\/schema\/person\/48907aefe3c1174d7a47f76c68423ca9\"},\"headline\":\"\u00bfY SI Jesus Fuera Refugiado?\",\"datePublished\":\"2019-12-25T14:10:42+00:00\",\"mainEntityOfPage\":{\"@id\":\"https:\/\/mcspa.org\/es\/y-si-jesus-fuera-refugiado\/\"},\"wordCount\":309,\"commentCount\":0,\"publisher\":{\"@id\":\"https:\/\/mcspa.org\/#organization\"},\"image\":{\"@id\":\"https:\/\/mcspa.org\/es\/y-si-jesus-fuera-refugiado\/#primaryimage\"},\"thumbnailUrl\":\"https:\/\/mcspa.org\/wp-content\/uploads\/2019\/12\/7.-David-misa-1-scaled-2.jpg\",\"keywords\":[\"christmas\",\"christmass2019\",\"comunidad misionera de san pablo apostol\",\"MCSPA; Comunidad Misionera de San Pablo Ap\u00f3stol; nutrici\u00f3n; Etiop\u00eda\",\"Nyangatom\"],\"articleSection\":[\"Noticias\"],\"inLanguage\":\"es\",\"potentialAction\":[{\"@type\":\"CommentAction\",\"name\":\"Comment\",\"target\":[\"https:\/\/mcspa.org\/es\/y-si-jesus-fuera-refugiado\/#respond\"]}]},{\"@type\":\"WebPage\",\"@id\":\"https:\/\/mcspa.org\/es\/y-si-jesus-fuera-refugiado\/\",\"url\":\"https:\/\/mcspa.org\/es\/y-si-jesus-fuera-refugiado\/\",\"name\":\"\u00bfY SI Jesus Fuera Refugiado? - Comunidad misionera de San Pablo Apostol - MCSPA\",\"isPartOf\":{\"@id\":\"https:\/\/mcspa.org\/#website\"},\"primaryImageOfPage\":{\"@id\":\"https:\/\/mcspa.org\/es\/y-si-jesus-fuera-refugiado\/#primaryimage\"},\"image\":{\"@id\":\"https:\/\/mcspa.org\/es\/y-si-jesus-fuera-refugiado\/#primaryimage\"},\"thumbnailUrl\":\"https:\/\/mcspa.org\/wp-content\/uploads\/2019\/12\/7.-David-misa-1-scaled-2.jpg\",\"datePublished\":\"2019-12-25T14:10:42+00:00\",\"breadcrumb\":{\"@id\":\"https:\/\/mcspa.org\/es\/y-si-jesus-fuera-refugiado\/#breadcrumb\"},\"inLanguage\":\"es\",\"potentialAction\":[{\"@type\":\"ReadAction\",\"target\":[\"https:\/\/mcspa.org\/es\/y-si-jesus-fuera-refugiado\/\"]}]},{\"@type\":\"ImageObject\",\"inLanguage\":\"es\",\"@id\":\"https:\/\/mcspa.org\/es\/y-si-jesus-fuera-refugiado\/#primaryimage\",\"url\":\"https:\/\/mcspa.org\/wp-content\/uploads\/2019\/12\/7.-David-misa-1-scaled-2.jpg\",\"contentUrl\":\"https:\/\/mcspa.org\/wp-content\/uploads\/2019\/12\/7.-David-misa-1-scaled-2.jpg\",\"width\":2560,\"height\":1920},{\"@type\":\"BreadcrumbList\",\"@id\":\"https:\/\/mcspa.org\/es\/y-si-jesus-fuera-refugiado\/#breadcrumb\",\"itemListElement\":[{\"@type\":\"ListItem\",\"position\":1,\"name\":\"Portada\",\"item\":\"https:\/\/mcspa.org\/es\/agency-homepage\/\"},{\"@type\":\"ListItem\",\"position\":2,\"name\":\"\u00bfY SI Jesus Fuera Refugiado?\"}]},{\"@type\":\"WebSite\",\"@id\":\"https:\/\/mcspa.org\/#website\",\"url\":\"https:\/\/mcspa.org\/\",\"name\":\"Comunidad misionera de San Pablo Apostol - MCSPA\",\"description\":\"\",\"publisher\":{\"@id\":\"https:\/\/mcspa.org\/#organization\"},\"potentialAction\":[{\"@type\":\"SearchAction\",\"target\":{\"@type\":\"EntryPoint\",\"urlTemplate\":\"https:\/\/mcspa.org\/?s={search_term_string}\"},\"query-input\":{\"@type\":\"PropertyValueSpecification\",\"valueRequired\":true,\"valueName\":\"search_term_string\"}}],\"inLanguage\":\"es\"},{\"@type\":\"Organization\",\"@id\":\"https:\/\/mcspa.org\/#organization\",\"name\":\"Missionary Community of St. Paul the Apostle - MCSPA\",\"url\":\"https:\/\/mcspa.org\/\",\"logo\":{\"@type\":\"ImageObject\",\"inLanguage\":\"es\",\"@id\":\"https:\/\/mcspa.org\/#\/schema\/logo\/image\/\",\"url\":\"https:\/\/mcspa.org\/wp-content\/uploads\/2022\/11\/MCSPA-logo-english.png\",\"contentUrl\":\"https:\/\/mcspa.org\/wp-content\/uploads\/2022\/11\/MCSPA-logo-english.png\",\"width\":3614,\"height\":1244,\"caption\":\"Missionary Community of St. Paul the Apostle - MCSPA\"},\"image\":{\"@id\":\"https:\/\/mcspa.org\/#\/schema\/logo\/image\/\"},\"sameAs\":[\"https:\/\/www.facebook.com\/mcspa\",\"https:\/\/x.com\/mcspa_org\",\"https:\/\/www.instagram.com\/mcspa_mmc\/\",\"https:\/\/www.youtube.com\/channel\/UC1df8SuPOPbFtMhlokt9gZQ\",\"https:\/\/www.youtube.com\/c\/MCSPA\"]},{\"@type\":\"Person\",\"@id\":\"https:\/\/mcspa.org\/#\/schema\/person\/48907aefe3c1174d7a47f76c68423ca9\",\"name\":\"lillian\",\"image\":{\"@type\":\"ImageObject\",\"inLanguage\":\"es\",\"@id\":\"https:\/\/secure.gravatar.com\/avatar\/?s=96&d=mm&r=g\",\"url\":\"https:\/\/secure.gravatar.com\/avatar\/?s=96&d=mm&r=g\",\"contentUrl\":\"https:\/\/secure.gravatar.com\/avatar\/?s=96&d=mm&r=g\",\"caption\":\"lillian\"},\"url\":\"https:\/\/mcspa.org\/es\/author\/lillian\/\"}]}<\/script>\n<!-- \/ Yoast SEO plugin. -->","yoast_head_json":{"title":"\u00bfY SI Jesus Fuera Refugiado? - Comunidad misionera de San Pablo Apostol - MCSPA","robots":{"index":"index","follow":"follow","max-snippet":"max-snippet:-1","max-image-preview":"max-image-preview:large","max-video-preview":"max-video-preview:-1"},"canonical":"https:\/\/mcspa.org\/es\/y-si-jesus-fuera-refugiado\/","og_locale":"es_ES","og_type":"article","og_title":"\u00bfY SI Jesus Fuera Refugiado? - Comunidad misionera de San Pablo Apostol - MCSPA","og_description":"El d\u00eda 24 de diciembre 51 ni\u00f1os han sido bautizados en la misi\u00f3n de Naturomoe, en Nyangatom, en el sur de Etiop\u00eda, zona fronteriza con Kenia. El mismo d\u00eda ha nacido un ni\u00f1o, hijo de uno de los catequistas. Son refugiados del sur del Sud\u00e1n, viven en una explanada polvorienta al pie de las colinas [&hellip;]","og_url":"https:\/\/mcspa.org\/es\/y-si-jesus-fuera-refugiado\/","og_site_name":"Comunidad misionera de San Pablo Apostol - MCSPA","article_publisher":"https:\/\/www.facebook.com\/mcspa","article_published_time":"2019-12-25T14:10:42+00:00","og_image":[{"width":1024,"height":768,"url":"https:\/\/mcspa.org\/wp-content\/uploads\/2019\/12\/7.-David-misa-1-scaled-2-1024x768.jpg","type":"image\/jpeg"}],"author":"lillian","twitter_card":"summary_large_image","twitter_creator":"@mcspa_org","twitter_site":"@mcspa_org","twitter_misc":{"Escrito por":"lillian","Tiempo de lectura":"2 minutos"},"schema":{"@context":"https:\/\/schema.org","@graph":[{"@type":"Article","@id":"https:\/\/mcspa.org\/es\/y-si-jesus-fuera-refugiado\/#article","isPartOf":{"@id":"https:\/\/mcspa.org\/es\/y-si-jesus-fuera-refugiado\/"},"author":{"name":"lillian","@id":"https:\/\/mcspa.org\/#\/schema\/person\/48907aefe3c1174d7a47f76c68423ca9"},"headline":"\u00bfY SI Jesus Fuera Refugiado?","datePublished":"2019-12-25T14:10:42+00:00","mainEntityOfPage":{"@id":"https:\/\/mcspa.org\/es\/y-si-jesus-fuera-refugiado\/"},"wordCount":309,"commentCount":0,"publisher":{"@id":"https:\/\/mcspa.org\/#organization"},"image":{"@id":"https:\/\/mcspa.org\/es\/y-si-jesus-fuera-refugiado\/#primaryimage"},"thumbnailUrl":"https:\/\/mcspa.org\/wp-content\/uploads\/2019\/12\/7.-David-misa-1-scaled-2.jpg","keywords":["christmas","christmass2019","comunidad misionera de san pablo apostol","MCSPA; Comunidad Misionera de San Pablo Ap\u00f3stol; nutrici\u00f3n; Etiop\u00eda","Nyangatom"],"articleSection":["Noticias"],"inLanguage":"es","potentialAction":[{"@type":"CommentAction","name":"Comment","target":["https:\/\/mcspa.org\/es\/y-si-jesus-fuera-refugiado\/#respond"]}]},{"@type":"WebPage","@id":"https:\/\/mcspa.org\/es\/y-si-jesus-fuera-refugiado\/","url":"https:\/\/mcspa.org\/es\/y-si-jesus-fuera-refugiado\/","name":"\u00bfY SI Jesus Fuera Refugiado? - Comunidad misionera de San Pablo Apostol - MCSPA","isPartOf":{"@id":"https:\/\/mcspa.org\/#website"},"primaryImageOfPage":{"@id":"https:\/\/mcspa.org\/es\/y-si-jesus-fuera-refugiado\/#primaryimage"},"image":{"@id":"https:\/\/mcspa.org\/es\/y-si-jesus-fuera-refugiado\/#primaryimage"},"thumbnailUrl":"https:\/\/mcspa.org\/wp-content\/uploads\/2019\/12\/7.-David-misa-1-scaled-2.jpg","datePublished":"2019-12-25T14:10:42+00:00","breadcrumb":{"@id":"https:\/\/mcspa.org\/es\/y-si-jesus-fuera-refugiado\/#breadcrumb"},"inLanguage":"es","potentialAction":[{"@type":"ReadAction","target":["https:\/\/mcspa.org\/es\/y-si-jesus-fuera-refugiado\/"]}]},{"@type":"ImageObject","inLanguage":"es","@id":"https:\/\/mcspa.org\/es\/y-si-jesus-fuera-refugiado\/#primaryimage","url":"https:\/\/mcspa.org\/wp-content\/uploads\/2019\/12\/7.-David-misa-1-scaled-2.jpg","contentUrl":"https:\/\/mcspa.org\/wp-content\/uploads\/2019\/12\/7.-David-misa-1-scaled-2.jpg","width":2560,"height":1920},{"@type":"BreadcrumbList","@id":"https:\/\/mcspa.org\/es\/y-si-jesus-fuera-refugiado\/#breadcrumb","itemListElement":[{"@type":"ListItem","position":1,"name":"Portada","item":"https:\/\/mcspa.org\/es\/agency-homepage\/"},{"@type":"ListItem","position":2,"name":"\u00bfY SI Jesus Fuera Refugiado?"}]},{"@type":"WebSite","@id":"https:\/\/mcspa.org\/#website","url":"https:\/\/mcspa.org\/","name":"Comunidad misionera de San Pablo Apostol - MCSPA","description":"","publisher":{"@id":"https:\/\/mcspa.org\/#organization"},"potentialAction":[{"@type":"SearchAction","target":{"@type":"EntryPoint","urlTemplate":"https:\/\/mcspa.org\/?s={search_term_string}"},"query-input":{"@type":"PropertyValueSpecification","valueRequired":true,"valueName":"search_term_string"}}],"inLanguage":"es"},{"@type":"Organization","@id":"https:\/\/mcspa.org\/#organization","name":"Missionary Community of St. Paul the Apostle - MCSPA","url":"https:\/\/mcspa.org\/","logo":{"@type":"ImageObject","inLanguage":"es","@id":"https:\/\/mcspa.org\/#\/schema\/logo\/image\/","url":"https:\/\/mcspa.org\/wp-content\/uploads\/2022\/11\/MCSPA-logo-english.png","contentUrl":"https:\/\/mcspa.org\/wp-content\/uploads\/2022\/11\/MCSPA-logo-english.png","width":3614,"height":1244,"caption":"Missionary Community of St. Paul the Apostle - MCSPA"},"image":{"@id":"https:\/\/mcspa.org\/#\/schema\/logo\/image\/"},"sameAs":["https:\/\/www.facebook.com\/mcspa","https:\/\/x.com\/mcspa_org","https:\/\/www.instagram.com\/mcspa_mmc\/","https:\/\/www.youtube.com\/channel\/UC1df8SuPOPbFtMhlokt9gZQ","https:\/\/www.youtube.com\/c\/MCSPA"]},{"@type":"Person","@id":"https:\/\/mcspa.org\/#\/schema\/person\/48907aefe3c1174d7a47f76c68423ca9","name":"lillian","image":{"@type":"ImageObject","inLanguage":"es","@id":"https:\/\/secure.gravatar.com\/avatar\/?s=96&d=mm&r=g","url":"https:\/\/secure.gravatar.com\/avatar\/?s=96&d=mm&r=g","contentUrl":"https:\/\/secure.gravatar.com\/avatar\/?s=96&d=mm&r=g","caption":"lillian"},"url":"https:\/\/mcspa.org\/es\/author\/lillian\/"}]}},"_links":{"self":[{"href":"https:\/\/mcspa.org\/es\/wp-json\/wp\/v2\/posts\/3702","targetHints":{"allow":["GET"]}}],"collection":[{"href":"https:\/\/mcspa.org\/es\/wp-json\/wp\/v2\/posts"}],"about":[{"href":"https:\/\/mcspa.org\/es\/wp-json\/wp\/v2\/types\/post"}],"author":[{"embeddable":true,"href":"https:\/\/mcspa.org\/es\/wp-json\/wp\/v2\/users\/7"}],"replies":[{"embeddable":true,"href":"https:\/\/mcspa.org\/es\/wp-json\/wp\/v2\/comments?post=3702"}],"version-history":[{"count":0,"href":"https:\/\/mcspa.org\/es\/wp-json\/wp\/v2\/posts\/3702\/revisions"}],"wp:featuredmedia":[{"embeddable":true,"href":"https:\/\/mcspa.org\/es\/wp-json\/wp\/v2\/media\/5181"}],"wp:attachment":[{"href":"https:\/\/mcspa.org\/es\/wp-json\/wp\/v2\/media?parent=3702"}],"wp:term":[{"taxonomy":"category","embeddable":true,"href":"https:\/\/mcspa.org\/es\/wp-json\/wp\/v2\/categories?post=3702"},{"taxonomy":"post_tag","embeddable":true,"href":"https:\/\/mcspa.org\/es\/wp-json\/wp\/v2\/tags?post=3702"}],"curies":[{"name":"wp","href":"https:\/\/api.w.org\/{rel}","templated":true}]}}