{"id":3539,"date":"2019-10-08T16:44:35","date_gmt":"2019-10-08T14:44:35","guid":{"rendered":"https:\/\/mcspa.org\/es\/?p=3539"},"modified":"2019-10-08T16:44:35","modified_gmt":"2019-10-08T14:44:35","slug":"gran-celebracion-en-el-hospital-de-alinafe-en-benga","status":"publish","type":"post","link":"https:\/\/mcspa.org\/es\/gran-celebracion-en-el-hospital-de-alinafe-en-benga\/","title":{"rendered":"Gran Celebraci\u00f3n en el Hospital de Alinafe en Benga"},"content":{"rendered":"<p>Hace unos d\u00edas tuvimos una gran celebraci\u00f3n en el hospital de Alinafe en Benga. Entregamos al hospital un nuevo veh\u00edculo ambulancia donado por Cantabria Labs y la Fundaci\u00f3n Emalaikat. Este nuevo veh\u00edculo todo terreno sustituye a la actual ambulancia que ya ten\u00eda 12 a\u00f1os. La ambulancia da cobertura tanto para traslados de emergencias m\u00e9dicas como para cl\u00ednica m\u00f3vil a una poblaci\u00f3n de 60,000 personas en el Distrito de Nkhotakota.<\/p>\n<p>Padre Manolo &#8211; MCSPA<\/p>\n<p><img loading=\"lazy\" decoding=\"async\" class=\"alignnone size-medium wp-image-3540\" src=\"https:\/\/mcspa.org\/es\/wp-content\/uploads\/2019\/10\/2f3e4e7b-e66e-4f51-96a2-31d5c662961b-300x225.jpg\" alt=\"\" width=\"300\" height=\"225\" srcset=\"https:\/\/mcspa.org\/wp-content\/uploads\/2019\/10\/2f3e4e7b-e66e-4f51-96a2-31d5c662961b-300x225.jpg 300w, https:\/\/mcspa.org\/wp-content\/uploads\/2019\/10\/2f3e4e7b-e66e-4f51-96a2-31d5c662961b-1024x768.jpg 1024w, https:\/\/mcspa.org\/wp-content\/uploads\/2019\/10\/2f3e4e7b-e66e-4f51-96a2-31d5c662961b-768x576.jpg 768w, https:\/\/mcspa.org\/wp-content\/uploads\/2019\/10\/2f3e4e7b-e66e-4f51-96a2-31d5c662961b.jpg 1080w\" sizes=\"auto, (max-width: 300px) 100vw, 300px\" \/><\/p>\n","protected":false},"excerpt":{"rendered":"<p>Hace unos d\u00edas tuvimos una gran celebraci\u00f3n en el hospital de Alinafe en Benga. Entregamos al hospital un nuevo veh\u00edculo ambulancia donado por Cantabria Labs y la Fundaci\u00f3n Emalaikat. Este nuevo veh\u00edculo todo terreno sustituye a la actual ambulancia que ya ten\u00eda 12 a\u00f1os. La ambulancia da cobertura tanto para traslados de emergencias m\u00e9dicas como [&hellip;]<\/p>\n","protected":false},"author":7,"featured_media":3540,"comment_status":"open","ping_status":"open","sticky":false,"template":"","format":"standard","meta":{"footnotes":""},"categories":[110],"tags":[166,167,168,87],"class_list":["post-3539","post","type-post","status-publish","format-standard","has-post-thumbnail","hentry","category-noticias","tag-donation-ambulacra","tag-foundation-emalaikat","tag-hospital-en-benga","tag-mcspa"],"yoast_head":"<!-- This site is optimized with the Yoast SEO plugin v27.2 - https:\/\/yoast.com\/product\/yoast-seo-wordpress\/ -->\n<title>Gran Celebraci\u00f3n en el Hospital de Alinafe en Benga - Comunidad misionera de San Pablo Apostol - MCSPA<\/title>\n<meta name=\"robots\" content=\"index, follow, max-snippet:-1, max-image-preview:large, max-video-preview:-1\" \/>\n<link rel=\"canonical\" href=\"https:\/\/mcspa.org\/es\/gran-celebracion-en-el-hospital-de-alinafe-en-benga\/\" \/>\n<meta property=\"og:locale\" content=\"es_ES\" \/>\n<meta property=\"og:type\" content=\"article\" \/>\n<meta property=\"og:title\" content=\"Gran Celebraci\u00f3n en el Hospital de Alinafe en Benga - Comunidad misionera de San Pablo Apostol - MCSPA\" \/>\n<meta property=\"og:description\" content=\"Hace unos d\u00edas tuvimos una gran celebraci\u00f3n en el hospital de Alinafe en Benga. Entregamos al hospital un nuevo veh\u00edculo ambulancia donado por Cantabria Labs y la Fundaci\u00f3n Emalaikat. Este nuevo veh\u00edculo todo terreno sustituye a la actual ambulancia que ya ten\u00eda 12 a\u00f1os. La ambulancia da cobertura tanto para traslados de emergencias m\u00e9dicas como [&hellip;]\" \/>\n<meta property=\"og:url\" content=\"https:\/\/mcspa.org\/es\/gran-celebracion-en-el-hospital-de-alinafe-en-benga\/\" \/>\n<meta property=\"og:site_name\" content=\"Comunidad misionera de San Pablo Apostol - MCSPA\" \/>\n<meta property=\"article:publisher\" content=\"https:\/\/www.facebook.com\/mcspa\" \/>\n<meta property=\"article:published_time\" content=\"2019-10-08T14:44:35+00:00\" \/>\n<meta property=\"og:image\" content=\"https:\/\/mcspa.org\/wp-content\/uploads\/2019\/10\/2f3e4e7b-e66e-4f51-96a2-31d5c662961b.jpg\" \/>\n\t<meta property=\"og:image:width\" content=\"1080\" \/>\n\t<meta property=\"og:image:height\" content=\"810\" \/>\n\t<meta property=\"og:image:type\" content=\"image\/jpeg\" \/>\n<meta name=\"author\" content=\"lillian\" \/>\n<meta name=\"twitter:card\" content=\"summary_large_image\" \/>\n<meta name=\"twitter:creator\" content=\"@mcspa_org\" \/>\n<meta name=\"twitter:site\" content=\"@mcspa_org\" \/>\n<meta name=\"twitter:label1\" content=\"Escrito por\" \/>\n\t<meta name=\"twitter:data1\" content=\"lillian\" \/>\n<script type=\"application\/ld+json\" class=\"yoast-schema-graph\">{\"@context\":\"https:\/\/schema.org\",\"@graph\":[{\"@type\":\"Article\",\"@id\":\"https:\/\/mcspa.org\/es\/gran-celebracion-en-el-hospital-de-alinafe-en-benga\/#article\",\"isPartOf\":{\"@id\":\"https:\/\/mcspa.org\/es\/gran-celebracion-en-el-hospital-de-alinafe-en-benga\/\"},\"author\":{\"name\":\"lillian\",\"@id\":\"https:\/\/mcspa.org\/#\/schema\/person\/48907aefe3c1174d7a47f76c68423ca9\"},\"headline\":\"Gran Celebraci\u00f3n en el Hospital de Alinafe en Benga\",\"datePublished\":\"2019-10-08T14:44:35+00:00\",\"mainEntityOfPage\":{\"@id\":\"https:\/\/mcspa.org\/es\/gran-celebracion-en-el-hospital-de-alinafe-en-benga\/\"},\"wordCount\":92,\"commentCount\":0,\"publisher\":{\"@id\":\"https:\/\/mcspa.org\/#organization\"},\"image\":{\"@id\":\"https:\/\/mcspa.org\/es\/gran-celebracion-en-el-hospital-de-alinafe-en-benga\/#primaryimage\"},\"thumbnailUrl\":\"https:\/\/mcspa.org\/wp-content\/uploads\/2019\/10\/2f3e4e7b-e66e-4f51-96a2-31d5c662961b.jpg\",\"keywords\":[\"Donation ambulacra\",\"Foundation Emalaikat\",\"hospital en Benga\",\"mcspa\"],\"articleSection\":[\"Noticias\"],\"inLanguage\":\"es\",\"potentialAction\":[{\"@type\":\"CommentAction\",\"name\":\"Comment\",\"target\":[\"https:\/\/mcspa.org\/es\/gran-celebracion-en-el-hospital-de-alinafe-en-benga\/#respond\"]}]},{\"@type\":\"WebPage\",\"@id\":\"https:\/\/mcspa.org\/es\/gran-celebracion-en-el-hospital-de-alinafe-en-benga\/\",\"url\":\"https:\/\/mcspa.org\/es\/gran-celebracion-en-el-hospital-de-alinafe-en-benga\/\",\"name\":\"Gran Celebraci\u00f3n en el Hospital de Alinafe en Benga - Comunidad misionera de San Pablo Apostol - MCSPA\",\"isPartOf\":{\"@id\":\"https:\/\/mcspa.org\/#website\"},\"primaryImageOfPage\":{\"@id\":\"https:\/\/mcspa.org\/es\/gran-celebracion-en-el-hospital-de-alinafe-en-benga\/#primaryimage\"},\"image\":{\"@id\":\"https:\/\/mcspa.org\/es\/gran-celebracion-en-el-hospital-de-alinafe-en-benga\/#primaryimage\"},\"thumbnailUrl\":\"https:\/\/mcspa.org\/wp-content\/uploads\/2019\/10\/2f3e4e7b-e66e-4f51-96a2-31d5c662961b.jpg\",\"datePublished\":\"2019-10-08T14:44:35+00:00\",\"breadcrumb\":{\"@id\":\"https:\/\/mcspa.org\/es\/gran-celebracion-en-el-hospital-de-alinafe-en-benga\/#breadcrumb\"},\"inLanguage\":\"es\",\"potentialAction\":[{\"@type\":\"ReadAction\",\"target\":[\"https:\/\/mcspa.org\/es\/gran-celebracion-en-el-hospital-de-alinafe-en-benga\/\"]}]},{\"@type\":\"ImageObject\",\"inLanguage\":\"es\",\"@id\":\"https:\/\/mcspa.org\/es\/gran-celebracion-en-el-hospital-de-alinafe-en-benga\/#primaryimage\",\"url\":\"https:\/\/mcspa.org\/wp-content\/uploads\/2019\/10\/2f3e4e7b-e66e-4f51-96a2-31d5c662961b.jpg\",\"contentUrl\":\"https:\/\/mcspa.org\/wp-content\/uploads\/2019\/10\/2f3e4e7b-e66e-4f51-96a2-31d5c662961b.jpg\",\"width\":1080,\"height\":810},{\"@type\":\"BreadcrumbList\",\"@id\":\"https:\/\/mcspa.org\/es\/gran-celebracion-en-el-hospital-de-alinafe-en-benga\/#breadcrumb\",\"itemListElement\":[{\"@type\":\"ListItem\",\"position\":1,\"name\":\"Portada\",\"item\":\"https:\/\/mcspa.org\/es\/agency-homepage\/\"},{\"@type\":\"ListItem\",\"position\":2,\"name\":\"Gran Celebraci\u00f3n en el Hospital de Alinafe en Benga\"}]},{\"@type\":\"WebSite\",\"@id\":\"https:\/\/mcspa.org\/#website\",\"url\":\"https:\/\/mcspa.org\/\",\"name\":\"Comunidad misionera de San Pablo Apostol - MCSPA\",\"description\":\"\",\"publisher\":{\"@id\":\"https:\/\/mcspa.org\/#organization\"},\"potentialAction\":[{\"@type\":\"SearchAction\",\"target\":{\"@type\":\"EntryPoint\",\"urlTemplate\":\"https:\/\/mcspa.org\/?s={search_term_string}\"},\"query-input\":{\"@type\":\"PropertyValueSpecification\",\"valueRequired\":true,\"valueName\":\"search_term_string\"}}],\"inLanguage\":\"es\"},{\"@type\":\"Organization\",\"@id\":\"https:\/\/mcspa.org\/#organization\",\"name\":\"Missionary Community of St. Paul the Apostle - MCSPA\",\"url\":\"https:\/\/mcspa.org\/\",\"logo\":{\"@type\":\"ImageObject\",\"inLanguage\":\"es\",\"@id\":\"https:\/\/mcspa.org\/#\/schema\/logo\/image\/\",\"url\":\"https:\/\/mcspa.org\/wp-content\/uploads\/2022\/11\/MCSPA-logo-english.png\",\"contentUrl\":\"https:\/\/mcspa.org\/wp-content\/uploads\/2022\/11\/MCSPA-logo-english.png\",\"width\":3614,\"height\":1244,\"caption\":\"Missionary Community of St. Paul the Apostle - MCSPA\"},\"image\":{\"@id\":\"https:\/\/mcspa.org\/#\/schema\/logo\/image\/\"},\"sameAs\":[\"https:\/\/www.facebook.com\/mcspa\",\"https:\/\/x.com\/mcspa_org\",\"https:\/\/www.instagram.com\/mcspa_mmc\/\",\"https:\/\/www.youtube.com\/channel\/UC1df8SuPOPbFtMhlokt9gZQ\",\"https:\/\/www.youtube.com\/c\/MCSPA\"]},{\"@type\":\"Person\",\"@id\":\"https:\/\/mcspa.org\/#\/schema\/person\/48907aefe3c1174d7a47f76c68423ca9\",\"name\":\"lillian\",\"image\":{\"@type\":\"ImageObject\",\"inLanguage\":\"es\",\"@id\":\"https:\/\/secure.gravatar.com\/avatar\/?s=96&d=mm&r=g\",\"url\":\"https:\/\/secure.gravatar.com\/avatar\/?s=96&d=mm&r=g\",\"contentUrl\":\"https:\/\/secure.gravatar.com\/avatar\/?s=96&d=mm&r=g\",\"caption\":\"lillian\"},\"url\":\"https:\/\/mcspa.org\/es\/author\/lillian\/\"}]}<\/script>\n<!-- \/ Yoast SEO plugin. -->","yoast_head_json":{"title":"Gran Celebraci\u00f3n en el Hospital de Alinafe en Benga - Comunidad misionera de San Pablo Apostol - MCSPA","robots":{"index":"index","follow":"follow","max-snippet":"max-snippet:-1","max-image-preview":"max-image-preview:large","max-video-preview":"max-video-preview:-1"},"canonical":"https:\/\/mcspa.org\/es\/gran-celebracion-en-el-hospital-de-alinafe-en-benga\/","og_locale":"es_ES","og_type":"article","og_title":"Gran Celebraci\u00f3n en el Hospital de Alinafe en Benga - Comunidad misionera de San Pablo Apostol - MCSPA","og_description":"Hace unos d\u00edas tuvimos una gran celebraci\u00f3n en el hospital de Alinafe en Benga. Entregamos al hospital un nuevo veh\u00edculo ambulancia donado por Cantabria Labs y la Fundaci\u00f3n Emalaikat. Este nuevo veh\u00edculo todo terreno sustituye a la actual ambulancia que ya ten\u00eda 12 a\u00f1os. La ambulancia da cobertura tanto para traslados de emergencias m\u00e9dicas como [&hellip;]","og_url":"https:\/\/mcspa.org\/es\/gran-celebracion-en-el-hospital-de-alinafe-en-benga\/","og_site_name":"Comunidad misionera de San Pablo Apostol - MCSPA","article_publisher":"https:\/\/www.facebook.com\/mcspa","article_published_time":"2019-10-08T14:44:35+00:00","og_image":[{"width":1080,"height":810,"url":"https:\/\/mcspa.org\/wp-content\/uploads\/2019\/10\/2f3e4e7b-e66e-4f51-96a2-31d5c662961b.jpg","type":"image\/jpeg"}],"author":"lillian","twitter_card":"summary_large_image","twitter_creator":"@mcspa_org","twitter_site":"@mcspa_org","twitter_misc":{"Escrito por":"lillian"},"schema":{"@context":"https:\/\/schema.org","@graph":[{"@type":"Article","@id":"https:\/\/mcspa.org\/es\/gran-celebracion-en-el-hospital-de-alinafe-en-benga\/#article","isPartOf":{"@id":"https:\/\/mcspa.org\/es\/gran-celebracion-en-el-hospital-de-alinafe-en-benga\/"},"author":{"name":"lillian","@id":"https:\/\/mcspa.org\/#\/schema\/person\/48907aefe3c1174d7a47f76c68423ca9"},"headline":"Gran Celebraci\u00f3n en el Hospital de Alinafe en Benga","datePublished":"2019-10-08T14:44:35+00:00","mainEntityOfPage":{"@id":"https:\/\/mcspa.org\/es\/gran-celebracion-en-el-hospital-de-alinafe-en-benga\/"},"wordCount":92,"commentCount":0,"publisher":{"@id":"https:\/\/mcspa.org\/#organization"},"image":{"@id":"https:\/\/mcspa.org\/es\/gran-celebracion-en-el-hospital-de-alinafe-en-benga\/#primaryimage"},"thumbnailUrl":"https:\/\/mcspa.org\/wp-content\/uploads\/2019\/10\/2f3e4e7b-e66e-4f51-96a2-31d5c662961b.jpg","keywords":["Donation ambulacra","Foundation Emalaikat","hospital en Benga","mcspa"],"articleSection":["Noticias"],"inLanguage":"es","potentialAction":[{"@type":"CommentAction","name":"Comment","target":["https:\/\/mcspa.org\/es\/gran-celebracion-en-el-hospital-de-alinafe-en-benga\/#respond"]}]},{"@type":"WebPage","@id":"https:\/\/mcspa.org\/es\/gran-celebracion-en-el-hospital-de-alinafe-en-benga\/","url":"https:\/\/mcspa.org\/es\/gran-celebracion-en-el-hospital-de-alinafe-en-benga\/","name":"Gran Celebraci\u00f3n en el Hospital de Alinafe en Benga - Comunidad misionera de San Pablo Apostol - MCSPA","isPartOf":{"@id":"https:\/\/mcspa.org\/#website"},"primaryImageOfPage":{"@id":"https:\/\/mcspa.org\/es\/gran-celebracion-en-el-hospital-de-alinafe-en-benga\/#primaryimage"},"image":{"@id":"https:\/\/mcspa.org\/es\/gran-celebracion-en-el-hospital-de-alinafe-en-benga\/#primaryimage"},"thumbnailUrl":"https:\/\/mcspa.org\/wp-content\/uploads\/2019\/10\/2f3e4e7b-e66e-4f51-96a2-31d5c662961b.jpg","datePublished":"2019-10-08T14:44:35+00:00","breadcrumb":{"@id":"https:\/\/mcspa.org\/es\/gran-celebracion-en-el-hospital-de-alinafe-en-benga\/#breadcrumb"},"inLanguage":"es","potentialAction":[{"@type":"ReadAction","target":["https:\/\/mcspa.org\/es\/gran-celebracion-en-el-hospital-de-alinafe-en-benga\/"]}]},{"@type":"ImageObject","inLanguage":"es","@id":"https:\/\/mcspa.org\/es\/gran-celebracion-en-el-hospital-de-alinafe-en-benga\/#primaryimage","url":"https:\/\/mcspa.org\/wp-content\/uploads\/2019\/10\/2f3e4e7b-e66e-4f51-96a2-31d5c662961b.jpg","contentUrl":"https:\/\/mcspa.org\/wp-content\/uploads\/2019\/10\/2f3e4e7b-e66e-4f51-96a2-31d5c662961b.jpg","width":1080,"height":810},{"@type":"BreadcrumbList","@id":"https:\/\/mcspa.org\/es\/gran-celebracion-en-el-hospital-de-alinafe-en-benga\/#breadcrumb","itemListElement":[{"@type":"ListItem","position":1,"name":"Portada","item":"https:\/\/mcspa.org\/es\/agency-homepage\/"},{"@type":"ListItem","position":2,"name":"Gran Celebraci\u00f3n en el Hospital de Alinafe en Benga"}]},{"@type":"WebSite","@id":"https:\/\/mcspa.org\/#website","url":"https:\/\/mcspa.org\/","name":"Comunidad misionera de San Pablo Apostol - MCSPA","description":"","publisher":{"@id":"https:\/\/mcspa.org\/#organization"},"potentialAction":[{"@type":"SearchAction","target":{"@type":"EntryPoint","urlTemplate":"https:\/\/mcspa.org\/?s={search_term_string}"},"query-input":{"@type":"PropertyValueSpecification","valueRequired":true,"valueName":"search_term_string"}}],"inLanguage":"es"},{"@type":"Organization","@id":"https:\/\/mcspa.org\/#organization","name":"Missionary Community of St. Paul the Apostle - MCSPA","url":"https:\/\/mcspa.org\/","logo":{"@type":"ImageObject","inLanguage":"es","@id":"https:\/\/mcspa.org\/#\/schema\/logo\/image\/","url":"https:\/\/mcspa.org\/wp-content\/uploads\/2022\/11\/MCSPA-logo-english.png","contentUrl":"https:\/\/mcspa.org\/wp-content\/uploads\/2022\/11\/MCSPA-logo-english.png","width":3614,"height":1244,"caption":"Missionary Community of St. Paul the Apostle - MCSPA"},"image":{"@id":"https:\/\/mcspa.org\/#\/schema\/logo\/image\/"},"sameAs":["https:\/\/www.facebook.com\/mcspa","https:\/\/x.com\/mcspa_org","https:\/\/www.instagram.com\/mcspa_mmc\/","https:\/\/www.youtube.com\/channel\/UC1df8SuPOPbFtMhlokt9gZQ","https:\/\/www.youtube.com\/c\/MCSPA"]},{"@type":"Person","@id":"https:\/\/mcspa.org\/#\/schema\/person\/48907aefe3c1174d7a47f76c68423ca9","name":"lillian","image":{"@type":"ImageObject","inLanguage":"es","@id":"https:\/\/secure.gravatar.com\/avatar\/?s=96&d=mm&r=g","url":"https:\/\/secure.gravatar.com\/avatar\/?s=96&d=mm&r=g","contentUrl":"https:\/\/secure.gravatar.com\/avatar\/?s=96&d=mm&r=g","caption":"lillian"},"url":"https:\/\/mcspa.org\/es\/author\/lillian\/"}]}},"_links":{"self":[{"href":"https:\/\/mcspa.org\/es\/wp-json\/wp\/v2\/posts\/3539","targetHints":{"allow":["GET"]}}],"collection":[{"href":"https:\/\/mcspa.org\/es\/wp-json\/wp\/v2\/posts"}],"about":[{"href":"https:\/\/mcspa.org\/es\/wp-json\/wp\/v2\/types\/post"}],"author":[{"embeddable":true,"href":"https:\/\/mcspa.org\/es\/wp-json\/wp\/v2\/users\/7"}],"replies":[{"embeddable":true,"href":"https:\/\/mcspa.org\/es\/wp-json\/wp\/v2\/comments?post=3539"}],"version-history":[{"count":0,"href":"https:\/\/mcspa.org\/es\/wp-json\/wp\/v2\/posts\/3539\/revisions"}],"wp:featuredmedia":[{"embeddable":true,"href":"https:\/\/mcspa.org\/es\/wp-json\/wp\/v2\/media\/3540"}],"wp:attachment":[{"href":"https:\/\/mcspa.org\/es\/wp-json\/wp\/v2\/media?parent=3539"}],"wp:term":[{"taxonomy":"category","embeddable":true,"href":"https:\/\/mcspa.org\/es\/wp-json\/wp\/v2\/categories?post=3539"},{"taxonomy":"post_tag","embeddable":true,"href":"https:\/\/mcspa.org\/es\/wp-json\/wp\/v2\/tags?post=3539"}],"curies":[{"name":"wp","href":"https:\/\/api.w.org\/{rel}","templated":true}]}}