{"id":3465,"date":"2019-09-10T19:30:49","date_gmt":"2019-09-10T17:30:49","guid":{"rendered":"https:\/\/mcspa.org\/es\/?p=3465"},"modified":"2019-09-10T19:30:49","modified_gmt":"2019-09-10T17:30:49","slug":"bendicion-de-la-guarderia-san-juan-xxiii-en-kakuta-nyangatom-etiopia","status":"publish","type":"post","link":"https:\/\/mcspa.org\/es\/bendicion-de-la-guarderia-san-juan-xxiii-en-kakuta-nyangatom-etiopia\/","title":{"rendered":"Bendici\u00f3n de la Guarder\u00eda San Juan XXIII en Kakuta, Nyangatom, Etiop\u00eda"},"content":{"rendered":"<p>La tarde del 7 de septiembre de 2019, los obispos Markos Gebremedhin de Jimma-Bonga, Etiop\u00eda, y Dominic Kimengich de Lodwar, Kenia, bendijeron el nuevo Centro de cuidado diurno St. John XXIII &#8211; Ekisil (Paz) para ni\u00f1os peque\u00f1os de Kakuta, Nyangatom, Etiop\u00eda.<\/p>\n<p>Fue una ocasi\u00f3n llena de alegr\u00eda, bailes y canciones, cuando la gente de Kakuta recibi\u00f3 a los dos obispos, los padres y los representantes del equipo de MCSPA que asistieron a la celebraci\u00f3n.<\/p>\n<p>El centro de cuidado diurno atender\u00e1 a ni\u00f1os de 3 a 6 a\u00f1os de edad a trav\u00e9s de diferentes actividades como educaci\u00f3n preescolar, canciones, salud e higiene, agricultura, nutrici\u00f3n y educaci\u00f3n para la paz.<\/p>\n<p>Adem\u00e1s, el centro pretende ser un lugar de encuentro con los padres de los ni\u00f1os, donde se compartir\u00e1 informaci\u00f3n relevante con ellos, especialmente para mejorar la educaci\u00f3n de los ni\u00f1os peque\u00f1os.<\/p>\n<p>La nueva escuela a\u00fan est\u00e1 en proceso de construcci\u00f3n. Hasta ahora hemos podido completar un aula, con una segunda en construcci\u00f3n, y la cerca. Agradecemos a todos los benefactores y amigos que han estado apoyando este proyecto, especialmente Trekking for Kids, Fundaci\u00f3n Kyrene y Ekisil Group.<\/p>\n<p>Seguimos pidiendo sus oraciones y apoyo para poder proporcionar una vida mejor a los ni\u00f1os de Kakuta.<\/p>\n<p>P. David Escrich MCSPA<\/p>\n\n","protected":false},"excerpt":{"rendered":"<p>La tarde del 7 de septiembre de 2019, los obispos Markos Gebremedhin de Jimma-Bonga, Etiop\u00eda, y Dominic Kimengich de Lodwar, Kenia, bendijeron el nuevo Centro de cuidado diurno St. John XXIII &#8211; Ekisil (Paz) para ni\u00f1os peque\u00f1os de Kakuta, Nyangatom, Etiop\u00eda. Fue una ocasi\u00f3n llena de alegr\u00eda, bailes y canciones, cuando la gente de Kakuta [&hellip;]<\/p>\n","protected":false},"author":6,"featured_media":3510,"comment_status":"open","ping_status":"open","sticky":false,"template":"","format":"standard","meta":{"footnotes":""},"categories":[110],"tags":[119,100,107,90,92,111,128],"class_list":["post-3465","post","type-post","status-publish","format-standard","has-post-thumbnail","hentry","category-noticias","tag-comunidad-misionera-de-san-pablo","tag-cuerno-de-africa","tag-educacion","tag-etiopia","tag-iglesia-catolica","tag-nyangatom","tag-paz"],"yoast_head":"<!-- This site is optimized with the Yoast SEO plugin v27.2 - https:\/\/yoast.com\/product\/yoast-seo-wordpress\/ -->\n<title>Bendici\u00f3n de la Guarder\u00eda San Juan XXIII en Kakuta, Nyangatom, Etiop\u00eda - Comunidad misionera de San Pablo Apostol - MCSPA<\/title>\n<meta name=\"robots\" content=\"index, follow, max-snippet:-1, max-image-preview:large, max-video-preview:-1\" \/>\n<link rel=\"canonical\" href=\"https:\/\/mcspa.org\/es\/bendicion-de-la-guarderia-san-juan-xxiii-en-kakuta-nyangatom-etiopia\/\" \/>\n<meta property=\"og:locale\" content=\"es_ES\" \/>\n<meta property=\"og:type\" content=\"article\" \/>\n<meta property=\"og:title\" content=\"Bendici\u00f3n de la Guarder\u00eda San Juan XXIII en Kakuta, Nyangatom, Etiop\u00eda - Comunidad misionera de San Pablo Apostol - MCSPA\" \/>\n<meta property=\"og:description\" content=\"La tarde del 7 de septiembre de 2019, los obispos Markos Gebremedhin de Jimma-Bonga, Etiop\u00eda, y Dominic Kimengich de Lodwar, Kenia, bendijeron el nuevo Centro de cuidado diurno St. John XXIII &#8211; Ekisil (Paz) para ni\u00f1os peque\u00f1os de Kakuta, Nyangatom, Etiop\u00eda. Fue una ocasi\u00f3n llena de alegr\u00eda, bailes y canciones, cuando la gente de Kakuta [&hellip;]\" \/>\n<meta property=\"og:url\" content=\"https:\/\/mcspa.org\/es\/bendicion-de-la-guarderia-san-juan-xxiii-en-kakuta-nyangatom-etiopia\/\" \/>\n<meta property=\"og:site_name\" content=\"Comunidad misionera de San Pablo Apostol - MCSPA\" \/>\n<meta property=\"article:publisher\" content=\"https:\/\/www.facebook.com\/mcspa\" \/>\n<meta property=\"article:published_time\" content=\"2019-09-10T17:30:49+00:00\" \/>\n<meta property=\"og:image\" content=\"https:\/\/mcspa.org\/wp-content\/uploads\/2019\/09\/IMG_9433-scaled.jpg\" \/>\n\t<meta property=\"og:image:width\" content=\"2560\" \/>\n\t<meta property=\"og:image:height\" content=\"1707\" \/>\n\t<meta property=\"og:image:type\" content=\"image\/jpeg\" \/>\n<meta name=\"author\" content=\"angel\" \/>\n<meta name=\"twitter:card\" content=\"summary_large_image\" \/>\n<meta name=\"twitter:creator\" content=\"@mcspa_org\" \/>\n<meta name=\"twitter:site\" content=\"@mcspa_org\" \/>\n<meta name=\"twitter:label1\" content=\"Escrito por\" \/>\n\t<meta name=\"twitter:data1\" content=\"angel\" \/>\n\t<meta name=\"twitter:label2\" content=\"Tiempo de lectura\" \/>\n\t<meta name=\"twitter:data2\" content=\"1 minuto\" \/>\n<script type=\"application\/ld+json\" class=\"yoast-schema-graph\">{\"@context\":\"https:\/\/schema.org\",\"@graph\":[{\"@type\":\"Article\",\"@id\":\"https:\/\/mcspa.org\/es\/bendicion-de-la-guarderia-san-juan-xxiii-en-kakuta-nyangatom-etiopia\/#article\",\"isPartOf\":{\"@id\":\"https:\/\/mcspa.org\/es\/bendicion-de-la-guarderia-san-juan-xxiii-en-kakuta-nyangatom-etiopia\/\"},\"author\":{\"name\":\"angel\",\"@id\":\"https:\/\/mcspa.org\/#\/schema\/person\/fe02689d218cac3bf79684c7babeef6a\"},\"headline\":\"Bendici\u00f3n de la Guarder\u00eda San Juan XXIII en Kakuta, Nyangatom, Etiop\u00eda\",\"datePublished\":\"2019-09-10T17:30:49+00:00\",\"mainEntityOfPage\":{\"@id\":\"https:\/\/mcspa.org\/es\/bendicion-de-la-guarderia-san-juan-xxiii-en-kakuta-nyangatom-etiopia\/\"},\"wordCount\":244,\"commentCount\":0,\"publisher\":{\"@id\":\"https:\/\/mcspa.org\/#organization\"},\"image\":{\"@id\":\"https:\/\/mcspa.org\/es\/bendicion-de-la-guarderia-san-juan-xxiii-en-kakuta-nyangatom-etiopia\/#primaryimage\"},\"thumbnailUrl\":\"https:\/\/mcspa.org\/wp-content\/uploads\/2019\/09\/IMG_9433-scaled.jpg\",\"keywords\":[\"comunidad misionera de San pablo\",\"cuerno de africa\",\"Educaci\u00f3n\",\"Etiopia\",\"iglesia catolica\",\"Nyangatom\",\"paz\"],\"articleSection\":[\"Noticias\"],\"inLanguage\":\"es\",\"potentialAction\":[{\"@type\":\"CommentAction\",\"name\":\"Comment\",\"target\":[\"https:\/\/mcspa.org\/es\/bendicion-de-la-guarderia-san-juan-xxiii-en-kakuta-nyangatom-etiopia\/#respond\"]}]},{\"@type\":\"WebPage\",\"@id\":\"https:\/\/mcspa.org\/es\/bendicion-de-la-guarderia-san-juan-xxiii-en-kakuta-nyangatom-etiopia\/\",\"url\":\"https:\/\/mcspa.org\/es\/bendicion-de-la-guarderia-san-juan-xxiii-en-kakuta-nyangatom-etiopia\/\",\"name\":\"Bendici\u00f3n de la Guarder\u00eda San Juan XXIII en Kakuta, Nyangatom, Etiop\u00eda - Comunidad misionera de San Pablo Apostol - MCSPA\",\"isPartOf\":{\"@id\":\"https:\/\/mcspa.org\/#website\"},\"primaryImageOfPage\":{\"@id\":\"https:\/\/mcspa.org\/es\/bendicion-de-la-guarderia-san-juan-xxiii-en-kakuta-nyangatom-etiopia\/#primaryimage\"},\"image\":{\"@id\":\"https:\/\/mcspa.org\/es\/bendicion-de-la-guarderia-san-juan-xxiii-en-kakuta-nyangatom-etiopia\/#primaryimage\"},\"thumbnailUrl\":\"https:\/\/mcspa.org\/wp-content\/uploads\/2019\/09\/IMG_9433-scaled.jpg\",\"datePublished\":\"2019-09-10T17:30:49+00:00\",\"breadcrumb\":{\"@id\":\"https:\/\/mcspa.org\/es\/bendicion-de-la-guarderia-san-juan-xxiii-en-kakuta-nyangatom-etiopia\/#breadcrumb\"},\"inLanguage\":\"es\",\"potentialAction\":[{\"@type\":\"ReadAction\",\"target\":[\"https:\/\/mcspa.org\/es\/bendicion-de-la-guarderia-san-juan-xxiii-en-kakuta-nyangatom-etiopia\/\"]}]},{\"@type\":\"ImageObject\",\"inLanguage\":\"es\",\"@id\":\"https:\/\/mcspa.org\/es\/bendicion-de-la-guarderia-san-juan-xxiii-en-kakuta-nyangatom-etiopia\/#primaryimage\",\"url\":\"https:\/\/mcspa.org\/wp-content\/uploads\/2019\/09\/IMG_9433-scaled.jpg\",\"contentUrl\":\"https:\/\/mcspa.org\/wp-content\/uploads\/2019\/09\/IMG_9433-scaled.jpg\",\"width\":2560,\"height\":1707},{\"@type\":\"BreadcrumbList\",\"@id\":\"https:\/\/mcspa.org\/es\/bendicion-de-la-guarderia-san-juan-xxiii-en-kakuta-nyangatom-etiopia\/#breadcrumb\",\"itemListElement\":[{\"@type\":\"ListItem\",\"position\":1,\"name\":\"Portada\",\"item\":\"https:\/\/mcspa.org\/es\/agency-homepage\/\"},{\"@type\":\"ListItem\",\"position\":2,\"name\":\"Bendici\u00f3n de la Guarder\u00eda San Juan XXIII en Kakuta, Nyangatom, Etiop\u00eda\"}]},{\"@type\":\"WebSite\",\"@id\":\"https:\/\/mcspa.org\/#website\",\"url\":\"https:\/\/mcspa.org\/\",\"name\":\"Comunidad misionera de San Pablo Apostol - MCSPA\",\"description\":\"\",\"publisher\":{\"@id\":\"https:\/\/mcspa.org\/#organization\"},\"potentialAction\":[{\"@type\":\"SearchAction\",\"target\":{\"@type\":\"EntryPoint\",\"urlTemplate\":\"https:\/\/mcspa.org\/?s={search_term_string}\"},\"query-input\":{\"@type\":\"PropertyValueSpecification\",\"valueRequired\":true,\"valueName\":\"search_term_string\"}}],\"inLanguage\":\"es\"},{\"@type\":\"Organization\",\"@id\":\"https:\/\/mcspa.org\/#organization\",\"name\":\"Missionary Community of St. Paul the Apostle - MCSPA\",\"url\":\"https:\/\/mcspa.org\/\",\"logo\":{\"@type\":\"ImageObject\",\"inLanguage\":\"es\",\"@id\":\"https:\/\/mcspa.org\/#\/schema\/logo\/image\/\",\"url\":\"https:\/\/mcspa.org\/wp-content\/uploads\/2022\/11\/MCSPA-logo-english.png\",\"contentUrl\":\"https:\/\/mcspa.org\/wp-content\/uploads\/2022\/11\/MCSPA-logo-english.png\",\"width\":3614,\"height\":1244,\"caption\":\"Missionary Community of St. Paul the Apostle - MCSPA\"},\"image\":{\"@id\":\"https:\/\/mcspa.org\/#\/schema\/logo\/image\/\"},\"sameAs\":[\"https:\/\/www.facebook.com\/mcspa\",\"https:\/\/x.com\/mcspa_org\",\"https:\/\/www.instagram.com\/mcspa_mmc\/\",\"https:\/\/www.youtube.com\/channel\/UC1df8SuPOPbFtMhlokt9gZQ\",\"https:\/\/www.youtube.com\/c\/MCSPA\"]},{\"@type\":\"Person\",\"@id\":\"https:\/\/mcspa.org\/#\/schema\/person\/fe02689d218cac3bf79684c7babeef6a\",\"name\":\"angel\",\"image\":{\"@type\":\"ImageObject\",\"inLanguage\":\"es\",\"@id\":\"https:\/\/secure.gravatar.com\/avatar\/7d0357ed4fb3c9c22b30790da6d08bef1816ec75c0068f2b17d710104e772654?s=96&d=mm&r=g\",\"url\":\"https:\/\/secure.gravatar.com\/avatar\/7d0357ed4fb3c9c22b30790da6d08bef1816ec75c0068f2b17d710104e772654?s=96&d=mm&r=g\",\"contentUrl\":\"https:\/\/secure.gravatar.com\/avatar\/7d0357ed4fb3c9c22b30790da6d08bef1816ec75c0068f2b17d710104e772654?s=96&d=mm&r=g\",\"caption\":\"angel\"},\"url\":\"https:\/\/mcspa.org\/es\/author\/angel\/\"}]}<\/script>\n<!-- \/ Yoast SEO plugin. -->","yoast_head_json":{"title":"Bendici\u00f3n de la Guarder\u00eda San Juan XXIII en Kakuta, Nyangatom, Etiop\u00eda - Comunidad misionera de San Pablo Apostol - MCSPA","robots":{"index":"index","follow":"follow","max-snippet":"max-snippet:-1","max-image-preview":"max-image-preview:large","max-video-preview":"max-video-preview:-1"},"canonical":"https:\/\/mcspa.org\/es\/bendicion-de-la-guarderia-san-juan-xxiii-en-kakuta-nyangatom-etiopia\/","og_locale":"es_ES","og_type":"article","og_title":"Bendici\u00f3n de la Guarder\u00eda San Juan XXIII en Kakuta, Nyangatom, Etiop\u00eda - Comunidad misionera de San Pablo Apostol - MCSPA","og_description":"La tarde del 7 de septiembre de 2019, los obispos Markos Gebremedhin de Jimma-Bonga, Etiop\u00eda, y Dominic Kimengich de Lodwar, Kenia, bendijeron el nuevo Centro de cuidado diurno St. John XXIII &#8211; Ekisil (Paz) para ni\u00f1os peque\u00f1os de Kakuta, Nyangatom, Etiop\u00eda. Fue una ocasi\u00f3n llena de alegr\u00eda, bailes y canciones, cuando la gente de Kakuta [&hellip;]","og_url":"https:\/\/mcspa.org\/es\/bendicion-de-la-guarderia-san-juan-xxiii-en-kakuta-nyangatom-etiopia\/","og_site_name":"Comunidad misionera de San Pablo Apostol - MCSPA","article_publisher":"https:\/\/www.facebook.com\/mcspa","article_published_time":"2019-09-10T17:30:49+00:00","og_image":[{"width":2560,"height":1707,"url":"https:\/\/mcspa.org\/wp-content\/uploads\/2019\/09\/IMG_9433-scaled.jpg","type":"image\/jpeg"}],"author":"angel","twitter_card":"summary_large_image","twitter_creator":"@mcspa_org","twitter_site":"@mcspa_org","twitter_misc":{"Escrito por":"angel","Tiempo de lectura":"1 minuto"},"schema":{"@context":"https:\/\/schema.org","@graph":[{"@type":"Article","@id":"https:\/\/mcspa.org\/es\/bendicion-de-la-guarderia-san-juan-xxiii-en-kakuta-nyangatom-etiopia\/#article","isPartOf":{"@id":"https:\/\/mcspa.org\/es\/bendicion-de-la-guarderia-san-juan-xxiii-en-kakuta-nyangatom-etiopia\/"},"author":{"name":"angel","@id":"https:\/\/mcspa.org\/#\/schema\/person\/fe02689d218cac3bf79684c7babeef6a"},"headline":"Bendici\u00f3n de la Guarder\u00eda San Juan XXIII en Kakuta, Nyangatom, Etiop\u00eda","datePublished":"2019-09-10T17:30:49+00:00","mainEntityOfPage":{"@id":"https:\/\/mcspa.org\/es\/bendicion-de-la-guarderia-san-juan-xxiii-en-kakuta-nyangatom-etiopia\/"},"wordCount":244,"commentCount":0,"publisher":{"@id":"https:\/\/mcspa.org\/#organization"},"image":{"@id":"https:\/\/mcspa.org\/es\/bendicion-de-la-guarderia-san-juan-xxiii-en-kakuta-nyangatom-etiopia\/#primaryimage"},"thumbnailUrl":"https:\/\/mcspa.org\/wp-content\/uploads\/2019\/09\/IMG_9433-scaled.jpg","keywords":["comunidad misionera de San pablo","cuerno de africa","Educaci\u00f3n","Etiopia","iglesia catolica","Nyangatom","paz"],"articleSection":["Noticias"],"inLanguage":"es","potentialAction":[{"@type":"CommentAction","name":"Comment","target":["https:\/\/mcspa.org\/es\/bendicion-de-la-guarderia-san-juan-xxiii-en-kakuta-nyangatom-etiopia\/#respond"]}]},{"@type":"WebPage","@id":"https:\/\/mcspa.org\/es\/bendicion-de-la-guarderia-san-juan-xxiii-en-kakuta-nyangatom-etiopia\/","url":"https:\/\/mcspa.org\/es\/bendicion-de-la-guarderia-san-juan-xxiii-en-kakuta-nyangatom-etiopia\/","name":"Bendici\u00f3n de la Guarder\u00eda San Juan XXIII en Kakuta, Nyangatom, Etiop\u00eda - Comunidad misionera de San Pablo Apostol - MCSPA","isPartOf":{"@id":"https:\/\/mcspa.org\/#website"},"primaryImageOfPage":{"@id":"https:\/\/mcspa.org\/es\/bendicion-de-la-guarderia-san-juan-xxiii-en-kakuta-nyangatom-etiopia\/#primaryimage"},"image":{"@id":"https:\/\/mcspa.org\/es\/bendicion-de-la-guarderia-san-juan-xxiii-en-kakuta-nyangatom-etiopia\/#primaryimage"},"thumbnailUrl":"https:\/\/mcspa.org\/wp-content\/uploads\/2019\/09\/IMG_9433-scaled.jpg","datePublished":"2019-09-10T17:30:49+00:00","breadcrumb":{"@id":"https:\/\/mcspa.org\/es\/bendicion-de-la-guarderia-san-juan-xxiii-en-kakuta-nyangatom-etiopia\/#breadcrumb"},"inLanguage":"es","potentialAction":[{"@type":"ReadAction","target":["https:\/\/mcspa.org\/es\/bendicion-de-la-guarderia-san-juan-xxiii-en-kakuta-nyangatom-etiopia\/"]}]},{"@type":"ImageObject","inLanguage":"es","@id":"https:\/\/mcspa.org\/es\/bendicion-de-la-guarderia-san-juan-xxiii-en-kakuta-nyangatom-etiopia\/#primaryimage","url":"https:\/\/mcspa.org\/wp-content\/uploads\/2019\/09\/IMG_9433-scaled.jpg","contentUrl":"https:\/\/mcspa.org\/wp-content\/uploads\/2019\/09\/IMG_9433-scaled.jpg","width":2560,"height":1707},{"@type":"BreadcrumbList","@id":"https:\/\/mcspa.org\/es\/bendicion-de-la-guarderia-san-juan-xxiii-en-kakuta-nyangatom-etiopia\/#breadcrumb","itemListElement":[{"@type":"ListItem","position":1,"name":"Portada","item":"https:\/\/mcspa.org\/es\/agency-homepage\/"},{"@type":"ListItem","position":2,"name":"Bendici\u00f3n de la Guarder\u00eda San Juan XXIII en Kakuta, Nyangatom, Etiop\u00eda"}]},{"@type":"WebSite","@id":"https:\/\/mcspa.org\/#website","url":"https:\/\/mcspa.org\/","name":"Comunidad misionera de San Pablo Apostol - MCSPA","description":"","publisher":{"@id":"https:\/\/mcspa.org\/#organization"},"potentialAction":[{"@type":"SearchAction","target":{"@type":"EntryPoint","urlTemplate":"https:\/\/mcspa.org\/?s={search_term_string}"},"query-input":{"@type":"PropertyValueSpecification","valueRequired":true,"valueName":"search_term_string"}}],"inLanguage":"es"},{"@type":"Organization","@id":"https:\/\/mcspa.org\/#organization","name":"Missionary Community of St. Paul the Apostle - MCSPA","url":"https:\/\/mcspa.org\/","logo":{"@type":"ImageObject","inLanguage":"es","@id":"https:\/\/mcspa.org\/#\/schema\/logo\/image\/","url":"https:\/\/mcspa.org\/wp-content\/uploads\/2022\/11\/MCSPA-logo-english.png","contentUrl":"https:\/\/mcspa.org\/wp-content\/uploads\/2022\/11\/MCSPA-logo-english.png","width":3614,"height":1244,"caption":"Missionary Community of St. Paul the Apostle - MCSPA"},"image":{"@id":"https:\/\/mcspa.org\/#\/schema\/logo\/image\/"},"sameAs":["https:\/\/www.facebook.com\/mcspa","https:\/\/x.com\/mcspa_org","https:\/\/www.instagram.com\/mcspa_mmc\/","https:\/\/www.youtube.com\/channel\/UC1df8SuPOPbFtMhlokt9gZQ","https:\/\/www.youtube.com\/c\/MCSPA"]},{"@type":"Person","@id":"https:\/\/mcspa.org\/#\/schema\/person\/fe02689d218cac3bf79684c7babeef6a","name":"angel","image":{"@type":"ImageObject","inLanguage":"es","@id":"https:\/\/secure.gravatar.com\/avatar\/7d0357ed4fb3c9c22b30790da6d08bef1816ec75c0068f2b17d710104e772654?s=96&d=mm&r=g","url":"https:\/\/secure.gravatar.com\/avatar\/7d0357ed4fb3c9c22b30790da6d08bef1816ec75c0068f2b17d710104e772654?s=96&d=mm&r=g","contentUrl":"https:\/\/secure.gravatar.com\/avatar\/7d0357ed4fb3c9c22b30790da6d08bef1816ec75c0068f2b17d710104e772654?s=96&d=mm&r=g","caption":"angel"},"url":"https:\/\/mcspa.org\/es\/author\/angel\/"}]}},"_links":{"self":[{"href":"https:\/\/mcspa.org\/es\/wp-json\/wp\/v2\/posts\/3465","targetHints":{"allow":["GET"]}}],"collection":[{"href":"https:\/\/mcspa.org\/es\/wp-json\/wp\/v2\/posts"}],"about":[{"href":"https:\/\/mcspa.org\/es\/wp-json\/wp\/v2\/types\/post"}],"author":[{"embeddable":true,"href":"https:\/\/mcspa.org\/es\/wp-json\/wp\/v2\/users\/6"}],"replies":[{"embeddable":true,"href":"https:\/\/mcspa.org\/es\/wp-json\/wp\/v2\/comments?post=3465"}],"version-history":[{"count":0,"href":"https:\/\/mcspa.org\/es\/wp-json\/wp\/v2\/posts\/3465\/revisions"}],"wp:featuredmedia":[{"embeddable":true,"href":"https:\/\/mcspa.org\/es\/wp-json\/wp\/v2\/media\/3510"}],"wp:attachment":[{"href":"https:\/\/mcspa.org\/es\/wp-json\/wp\/v2\/media?parent=3465"}],"wp:term":[{"taxonomy":"category","embeddable":true,"href":"https:\/\/mcspa.org\/es\/wp-json\/wp\/v2\/categories?post=3465"},{"taxonomy":"post_tag","embeddable":true,"href":"https:\/\/mcspa.org\/es\/wp-json\/wp\/v2\/tags?post=3465"}],"curies":[{"name":"wp","href":"https:\/\/api.w.org\/{rel}","templated":true}]}}